{"id":25990,"date":"2019-04-04T17:50:03","date_gmt":"2019-04-04T21:50:03","guid":{"rendered":"https:\/\/linitiative.ca\/International\/en-libye-le-patron-de-lonu-se-dit-choque-par-la-souffrance-des-migrants\/"},"modified":"2019-04-04T17:50:03","modified_gmt":"2019-04-04T21:50:03","slug":"en-libye-le-patron-de-lonu-se-dit-choque-par-la-souffrance-des-migrants","status":"publish","type":"post","link":"https:\/\/linitiative.ca\/International\/en-libye-le-patron-de-lonu-se-dit-choque-par-la-souffrance-des-migrants\/","title":{"rendered":"En Libye, le patron de l\u2019ONU se dit \u00ab\u00a0choqu\u00e9\u00a0\u00bb par la \u00ab\u00a0souffrance\u00a0\u00bb des migrants"},"content":{"rendered":"<div readability=\"32\">\n<p>Publi\u00e9 le 04.04.2019 \u00e0 22h50 par AFP<\/p>\n<\/div>\n<div readability=\"81\">\n<p>Le secr\u00e9taire g\u00e9n\u00e9ral de l\u2019ONU, Antonio Guterres, a indiqu\u00e9 jeudi avoir \u00e9t\u00e9 \u00ab\u00a0choqu\u00e9\u00a0\u00bb par la situation dramatique des migrants, apr\u00e8s avoir visit\u00e9 un centre de d\u00e9tention \u00e0 Tripoli.<\/p>\n<p>\u00ab\u00a0J\u2019ai \u00e9t\u00e9 tr\u00e8s touch\u00e9 et choqu\u00e9 par le niveau de souffrance et surtout par le d\u00e9sespoir que j\u2019ai constat\u00e9\u00a0\u00bb, a d\u00e9clar\u00e9 M. Guterres au cours d\u2019une conf\u00e9rence de presse au deuxi\u00e8me jour de sa visite dans la capitale libyenne.<\/p>\n<p>Selon le patron de l\u2019ONU, cette situation \u00ab\u00a0n\u2019est pas la responsabilit\u00e9 de la seule Libye, mais aussi de toute la communaut\u00e9 internationale\u00a0\u00bb.<\/p>\n<p>Il a estim\u00e9 que dans les conditions actuelles, il \u00e9tait difficile de consid\u00e9rer que le d\u00e9barquement en Libye de migrants intercept\u00e9s ou secourus en mer, se faisait en toute s\u00e9curit\u00e9.<\/p>\n<p>Gr\u00e2ce \u00e0 des accords controvers\u00e9s conclus en Libye, puis \u00e0 la d\u00e9cision de Rome de fermer ses ports aux navires ayant secouru des migrants en mer, l\u2019Italie a vu le nombre d\u2019arriv\u00e9es sur ses c\u00f4tes chuter drastiquement \u00e0 partir de mi-2017.<\/p>\n<p>Tripoli a progressivement pris le relais de Rome pour coordonner les op\u00e9rations de secours, reconduisant les migrants en Libye o\u00f9 ils sont d\u00e9tenus dans des conditions difficiles.<\/p>\n<p><ins data-revive-zoneid=\"9\" data-revive-id=\"10111e19d28d19d031742ee3b0b33eb0\"\/> <\/p>\n<p>Les organisations de d\u00e9fense des droits de l\u2019homme consid\u00e8rent que la Libye, un pays en crise, n\u2019est pas un endroit s\u00fbr pour les migrants.<\/p>\n<p>\u00ab\u00a0Je lance donc un appel \u00e0 la communaut\u00e9 internationale pour qu\u2019elle comprenne la n\u00e9cessit\u00e9 de respecter pleinement le droit international relatif aux r\u00e9fugi\u00e9s et la n\u00e9cessit\u00e9 de traiter le probl\u00e8me de la migration d\u2019une mani\u00e8re compatible avec les int\u00e9r\u00eats (\u2026) des Etats mais aussi des droits de l\u2019homme\u00a0\u00bb, a d\u00e9clar\u00e9 M. Guterres.<\/p>\n<p>La Libye est un pays de destination et de transit vers les c\u00f4tes europ\u00e9ennes pour des milliers de migrants africains.<\/p>\n<p>Des centaines d\u2019entre eux meurent tous les ans en traversant dans des conditions extr\u00eames la M\u00e9diterran\u00e9e vers l\u2019Italie, situ\u00e9e \u00e0 300 kilom\u00e8tres des c\u00f4tes libyennes, profitant de l\u2019instabilit\u00e9 politique en Libye.<\/p>\n<\/div>\n<p>Auteur: AFP<br \/>\n<a href=\"https:\/\/www.journalducameroun.com\/fr\/en-libye-le-patron-de-lonu-se-dit-choque-par-la-souffrance-des-migrants\/\">Cliquez ici pour lire l&rsquo;article depuis sa source.<\/a><\/p>\n","protected":false},"excerpt":{"rendered":"<p>Publi\u00e9 le 04.04.2019 \u00e0 22h50 par AFP Le secr\u00e9taire g\u00e9n\u00e9ral de l\u2019ONU, Antonio Guterres, a indiqu\u00e9 jeudi avoir \u00e9t\u00e9 \u00ab\u00a0choqu\u00e9\u00a0\u00bb par la situation dramatique des migrants, apr\u00e8s avoir visit\u00e9 un centre de d\u00e9tention \u00e0 Tripoli. \u00ab\u00a0J\u2019ai \u00e9t\u00e9 tr\u00e8s touch\u00e9 et choqu\u00e9 par le niveau de souffrance et surtout par le d\u00e9sespoir que j\u2019ai constat\u00e9\u00a0\u00bb, a [&hellip;]<\/p>\n","protected":false},"author":1965,"featured_media":0,"comment_status":"closed","ping_status":"closed","sticky":false,"template":"","format":"standard","meta":{"fifu_image_url":"","fifu_image_alt":"","footnotes":""},"categories":[73,82],"tags":[],"class_list":["post-25990","post","type-post","status-publish","format-standard","hentry","category-actualite","category-cameroun"],"_links":{"self":[{"href":"https:\/\/linitiative.ca\/International\/wp-json\/wp\/v2\/posts\/25990","targetHints":{"allow":["GET"]}}],"collection":[{"href":"https:\/\/linitiative.ca\/International\/wp-json\/wp\/v2\/posts"}],"about":[{"href":"https:\/\/linitiative.ca\/International\/wp-json\/wp\/v2\/types\/post"}],"author":[{"embeddable":true,"href":"https:\/\/linitiative.ca\/International\/wp-json\/wp\/v2\/users\/1965"}],"replies":[{"embeddable":true,"href":"https:\/\/linitiative.ca\/International\/wp-json\/wp\/v2\/comments?post=25990"}],"version-history":[{"count":0,"href":"https:\/\/linitiative.ca\/International\/wp-json\/wp\/v2\/posts\/25990\/revisions"}],"wp:attachment":[{"href":"https:\/\/linitiative.ca\/International\/wp-json\/wp\/v2\/media?parent=25990"}],"wp:term":[{"taxonomy":"category","embeddable":true,"href":"https:\/\/linitiative.ca\/International\/wp-json\/wp\/v2\/categories?post=25990"},{"taxonomy":"post_tag","embeddable":true,"href":"https:\/\/linitiative.ca\/International\/wp-json\/wp\/v2\/tags?post=25990"}],"curies":[{"name":"wp","href":"https:\/\/api.w.org\/{rel}","templated":true}]}}