{"id":25991,"date":"2019-04-04T17:50:04","date_gmt":"2019-04-04T21:50:04","guid":{"rendered":"https:\/\/linitiative.ca\/International\/cameroun-maurice-kamto-et-les-opposants-arretes-a-ses-cotes-saisissent-lonu\/"},"modified":"2019-04-04T17:50:04","modified_gmt":"2019-04-04T21:50:04","slug":"cameroun-maurice-kamto-et-les-opposants-arretes-a-ses-cotes-saisissent-lonu","status":"publish","type":"post","link":"https:\/\/linitiative.ca\/International\/cameroun-maurice-kamto-et-les-opposants-arretes-a-ses-cotes-saisissent-lonu\/","title":{"rendered":"Cameroun: Maurice Kamto et les opposants arr\u00eat\u00e9s \u00e0 ses c\u00f4t\u00e9s saisissent l\u2019ONU"},"content":{"rendered":"<div readability=\"32\">\n<p>Publi\u00e9 le 04.04.2019 \u00e0 22h50 par AFP<\/p>\n<\/div>\n<div readability=\"94\">\n<p>Des avocats fran\u00e7ais ont annonc\u00e9 jeudi avoir saisi jeudi l\u2019ONU concernant l\u2019incarc\u00e9ration \u00ab\u00a0arbitraire\u00a0\u00bb d\u2019opposants camerounais parmi lesquels leur dirigeant, Maurice Kamto, dont ils r\u00e9clament la lib\u00e9ration \u00ab\u00a0imm\u00e9diate\u00a0\u00bb.<\/p>\n<p>\u00ab\u00a0Le cabinet Dupond-Moretti et Vey a saisi le Groupe de travail sur la d\u00e9tention arbitraire des Nations unies, \u00e0 Gen\u00e8ve, de la situation des trois principaux leaders de l\u2019opposition camerounaise et de leurs partisans d\u00e9tenus depuis plus de deux mois dans des conditions arbitraires\u00a0\u00bb, ajoutent les avocats dns un communiqu\u00e9.<\/p>\n<p>Le cabinet d\u2019avocats parisiens affirme que Maurice Kamto, Albert Dzongang, Paul Eric Kingue et 150 de leurs partisans et alli\u00e9s, \u00ab\u00a0ont \u00e9t\u00e9 arr\u00eat\u00e9s de mani\u00e8re totalement ill\u00e9gale, sous des pr\u00e9textes divers masquant en r\u00e9alit\u00e9 une volont\u00e9 de r\u00e9pression politique\u00a0\u00bb.<\/p>\n<p>Les avocats rappellent que ces opposants sont inculp\u00e9s \u00ab\u00a0d\u2019insurrection, r\u00e9bellion et hostilit\u00e9 contre la patrie (\u2026) encourant \u00e0 ce titre la peine de mort\u00a0\u00bb. Ils se trouvent \u00ab\u00a0en d\u00e9tention provisoire dans le cadre d\u2019une instruction ouverte pr\u00e8s le tribunal militaire de Yaound\u00e9, en violation de l\u2019interdiction pour un tribunal militaire de juger des civils qui s\u2019impose en droit camerounais\u00a0\u00bb.<\/p>\n<p>\u00ab\u00a0Au regard de l\u2019inefficacit\u00e9 de tout recours interne et de l\u2019opposition des autorit\u00e9s camerounaise \u00e0 toute forme de dialogue\u00a0\u00bb, les prisonniers demandent \u00e0 l\u2019ONU, par la voix de leurs conseils, \u00ab\u00a0de constater les graves manquements \u00e0 leurs droits les plus \u00e9l\u00e9mentaires et demandent leur lib\u00e9ration imm\u00e9diate\u00a0\u00bb.<\/p>\n<p><ins data-revive-zoneid=\"9\" data-revive-id=\"10111e19d28d19d031742ee3b0b33eb0\"\/> <\/p>\n<p>Pr\u00e9sident du Mouvement pour la renaissance du Cameroun (MRC) et avocat de renom, Maurice Kamto a \u00e9t\u00e9 arr\u00eat\u00e9 avec environ 150 manifestants \u00e0 la suite d\u2019une marche pacifique le 26 janvier. Ils protestaient contre la victoire du pr\u00e9sident sortant, Paul Biya, 86 ans dont 36 au pouvoir, \u00e0 la pr\u00e9sidentielle de 2018, qualifi\u00e9e par M. Kamto, qui avait qualifi\u00e9 la victoire de \u00ab\u00a0hold-up \u00e9lectoral\u00a0\u00bb.<\/p>\n<p>L\u2019avocat fran\u00e7ais Eric Dupont-Moretti, t\u00e9nor du barreau de Paris, s\u2019\u00e9tait rendu mi-mars \u00e0 Yaound\u00e9 pour y rencontrer Maurice Kamto dans sa prison.<\/p>\n<p>\u00ab\u00a0Nous voulons apaiser une situation qui est ubuesque et qui peut se r\u00e9gler avec un peu de bonne volont\u00e9\u00a0\u00bb, avait-il d\u00e9clar\u00e9, ajoutant : \u00ab\u00a0Me Kamto redit par ma voix qu\u2019il est tout \u00e0 fait pr\u00eat \u00e0 discuter avec le pr\u00e9sident Biya\u00a0\u00bb.<\/p>\n<p>D\u00e9but mars, l\u2019Union europ\u00e9enne, puis l\u2019ONU et les Etats-Unis s\u2019\u00e9taient tour \u00e0 tour interrog\u00e9s sur le bien-fond\u00e9 de la proc\u00e9dure contre M. Kamto.<\/p>\n<\/div>\n<p>Auteur: AFP<br \/>\n<a href=\"https:\/\/www.journalducameroun.com\/fr\/cameroun-maurice-kamto-et-les-opposants-arretes-a-ses-cotes-saisissent-lonu\/\">Cliquez ici pour lire l&rsquo;article depuis sa source.<\/a><\/p>\n","protected":false},"excerpt":{"rendered":"<p>Publi\u00e9 le 04.04.2019 \u00e0 22h50 par AFP Des avocats fran\u00e7ais ont annonc\u00e9 jeudi avoir saisi jeudi l\u2019ONU concernant l\u2019incarc\u00e9ration \u00ab\u00a0arbitraire\u00a0\u00bb d\u2019opposants camerounais parmi lesquels leur dirigeant, Maurice Kamto, dont ils r\u00e9clament la lib\u00e9ration \u00ab\u00a0imm\u00e9diate\u00a0\u00bb. \u00ab\u00a0Le cabinet Dupond-Moretti et Vey a saisi le Groupe de travail sur la d\u00e9tention arbitraire des Nations unies, \u00e0 Gen\u00e8ve, de [&hellip;]<\/p>\n","protected":false},"author":1965,"featured_media":0,"comment_status":"closed","ping_status":"closed","sticky":false,"template":"","format":"standard","meta":{"fifu_image_url":"","fifu_image_alt":"","footnotes":""},"categories":[73,82],"tags":[],"class_list":["post-25991","post","type-post","status-publish","format-standard","hentry","category-actualite","category-cameroun"],"_links":{"self":[{"href":"https:\/\/linitiative.ca\/International\/wp-json\/wp\/v2\/posts\/25991","targetHints":{"allow":["GET"]}}],"collection":[{"href":"https:\/\/linitiative.ca\/International\/wp-json\/wp\/v2\/posts"}],"about":[{"href":"https:\/\/linitiative.ca\/International\/wp-json\/wp\/v2\/types\/post"}],"author":[{"embeddable":true,"href":"https:\/\/linitiative.ca\/International\/wp-json\/wp\/v2\/users\/1965"}],"replies":[{"embeddable":true,"href":"https:\/\/linitiative.ca\/International\/wp-json\/wp\/v2\/comments?post=25991"}],"version-history":[{"count":0,"href":"https:\/\/linitiative.ca\/International\/wp-json\/wp\/v2\/posts\/25991\/revisions"}],"wp:attachment":[{"href":"https:\/\/linitiative.ca\/International\/wp-json\/wp\/v2\/media?parent=25991"}],"wp:term":[{"taxonomy":"category","embeddable":true,"href":"https:\/\/linitiative.ca\/International\/wp-json\/wp\/v2\/categories?post=25991"},{"taxonomy":"post_tag","embeddable":true,"href":"https:\/\/linitiative.ca\/International\/wp-json\/wp\/v2\/tags?post=25991"}],"curies":[{"name":"wp","href":"https:\/\/api.w.org\/{rel}","templated":true}]}}