{"id":26013,"date":"2019-04-04T02:19:18","date_gmt":"2019-04-04T06:19:18","guid":{"rendered":"https:\/\/linitiative.ca\/International\/ciment-cimencam-augmente-sa-production-de-500-000-tonnes\/"},"modified":"2019-04-04T02:19:18","modified_gmt":"2019-04-04T06:19:18","slug":"ciment-cimencam-augmente-sa-production-de-500-000-tonnes","status":"publish","type":"post","link":"https:\/\/linitiative.ca\/International\/ciment-cimencam-augmente-sa-production-de-500-000-tonnes\/","title":{"rendered":"Ciment: Cimencam augmente sa production de 500 000 tonnes"},"content":{"rendered":"<div class=\"featured-area featured-area-inner\"><img loading=\"lazy\" decoding=\"async\" width=\"780\" height=\"405\" src=\"https:\/\/i0.wp.com\/ecomatin.net\/wp-content\/uploads\/2019\/04\/ecomatin.net-ciment-cimencam-augmente-sa-production-de-500-000-tonnes-20190402-110902.jpg?resize=780%2C405&#038;ssl=1&#038;is-pending-load=1\" class=\"attachment-jannah-image-post size-jannah-image-post wp-post-image jetpack-lazy-image\" alt=\"\" data-attachment-id=\"7133\" data-permalink=\"https:\/\/ecomatin.net\/ciment-cimencam-augmente-sa-production-de-500-000-tonnes\/20190402-110902\/\" data-orig-file=\"https:\/\/i0.wp.com\/ecomatin.net\/wp-content\/uploads\/2019\/04\/ecomatin.net-ciment-cimencam-augmente-sa-production-de-500-000-tonnes-20190402-110902.jpg?fit=5312%2C2988&#038;ssl=1\" data-orig-size=\"5312,2988\" data-comments-opened=\"0\" data-image-meta=\"{\"aperture\":\"1.8\",\"credit\":\"\",\"camera\":\"LG-H900\",\"caption\":\"\",\"created_timestamp\":\"1554203342\",\"copyright\":\"\",\"focal_length\":\"4.42\",\"iso\":\"50\",\"shutter_speed\":\"0.0002956830277942\",\"title\":\"\",\"orientation\":\"1\"}\" data-image-title=\"20190402-110902\" data-image-description=\"\" data-medium-file=\"https:\/\/i0.wp.com\/ecomatin.net\/wp-content\/uploads\/2019\/04\/ecomatin.net-ciment-cimencam-augmente-sa-production-de-500-000-tonnes-20190402-110902.jpg?fit=300%2C169&#038;ssl=1\" data-large-file=\"https:\/\/i0.wp.com\/ecomatin.net\/wp-content\/uploads\/2019\/04\/ecomatin.net-ciment-cimencam-augmente-sa-production-de-500-000-tonnes-20190402-110902.jpg?fit=1024%2C576&#038;ssl=1\" data-lazy-srcset=\"https:\/\/i0.wp.com\/ecomatin.net\/wp-content\/uploads\/2019\/04\/ecomatin.net-ciment-cimencam-augmente-sa-production-de-500-000-tonnes-20190402-110902.jpg?resize=780%2C405&#038;ssl=1 780w, https:\/\/i0.wp.com\/ecomatin.net\/wp-content\/uploads\/2019\/04\/ecomatin.net-ciment-cimencam-augmente-sa-production-de-500-000-tonnes-20190402-110902.jpg?zoom=2&#038;resize=780%2C405&#038;ssl=1 1560w, https:\/\/i0.wp.com\/ecomatin.net\/wp-content\/uploads\/2019\/04\/ecomatin.net-ciment-cimencam-augmente-sa-production-de-500-000-tonnes-20190402-110902.jpg?zoom=3&#038;resize=780%2C405&#038;ssl=1 2340w\" data-lazy-sizes=\"(max-width: 780px) 100vw, 780px\" srcset=\"data:image\/gif;base64,R0lGODlhAQABAIAAAAAAAP\/\/\/yH5BAEAAAAALAAAAAABAAEAAAIBRAA7\"\/><\/div>\n<div class=\"entry-content entry clearfix\" readability=\"54.350148368\">\n<p class=\"yiv3960273801ydp78352d02msonormal c3\"><span class=\"c2\">\u00a0Dix ans apr\u00e8s la pose de la premi\u00e8re pierre,\u00a0\u00a0l\u2019usine de <strong>Cimencam<\/strong> \u00e0 Nomayos, village situ\u00e9 dans\u00a0\u00a0l\u2019arrondissement de Mbankomo, d\u00e9partement de la Mefou et Akono prend corps. L\u2019imposant b\u00e2timent d\u2019acier et d\u2019aluminium impose le respect de par son architecture et sa taille. Construit\u00a0\u00a0\u00e0 hauteur de <strong>28 milliards FCFA<\/strong>, il est capable de produire <strong>500 000 tonnes<\/strong> additionnelles de ciment par an selon les estimations de l\u2019entreprise. Ceci fait grimper la capacit\u00e9 de production globale des usines de Cimencam\u00a0\u00a0\u00e0 2,2 millions de tonnes par an. L\u2019usine a \u00e9t\u00e9 inaugur\u00e9e mardi 2 avril 2019 en pr\u00e9sence de <strong>Dodo Ndoke<\/strong>, ministre des Mines et du d\u00e9veloppement technologique.<\/span><\/p>\n<hr\/>\n<h4><strong>>> Lire aussi \u2013 <a title=\"Industrie: ces trois secteurs qui se d\u00e9marquent\" href=\"https:\/\/ecomatin.net\/cemac-disparites-sous-regionales-sur-la-politique-monetaire-de-la-beac\/\" target=\"_blank\" rel=\"noopener noreferrer\">Industrie: ces trois secteurs qui se d\u00e9marquent<\/a><br \/><\/strong><\/h4>\n<hr\/>\n<p class=\"yiv3960273801ydp78352d02msonormal c4\"><span class=\"c2\">A en croire les responsables de l\u2019entreprise, son emplacement participe d\u2019une strat\u00e9gie visant \u00e0 approvisionner plus ais\u00e9ment les r\u00e9gions du Centre, du Sud et de l\u2019Est. Avec une telle performance, l\u2019entreprise se positionne d\u00e9sormais en premier producteur national de ciment devant <strong>Dangote<\/strong> (<strong>1,5 million de tonnes<\/strong>), <strong>Cimenteries d\u2019Afrique<\/strong> (<strong>500 000 tonnes<\/strong>) et <strong>Mecdem<\/strong> (<strong>200 000 tonnes<\/strong>). En plus de l\u2019usine de broyage de Nomayos, Cimencam compte une cimenterie int\u00e9gr\u00e9e \u00e0 Figuil dans le Nord, une station de broyage \u00e0 Bonab\u00e9ri et une centrale \u00e0 b\u00e9ton \u00e0 Olembe.\u00a0\u00a0Le top management envisage \u00e9galement une extension de l\u2019usine de Figuil. Un investissement de pr\u00e8s de <strong>40 milliards FCFA<\/strong> pour renforcer l\u2019offre produit, en augmentant la capacit\u00e9 production de 1,5 millions tonnes. Une partie de cette production suppl\u00e9mentaire de ciment permettra \u00e0 Cimencam de r\u00e9pondre aux sollicitations sans cesse croissantes, venant des r\u00e9gions septentrionales, mais aussi des pays de la Sous-r\u00e9gion notamment au Tchad et en RCA.<\/span><\/p>\n<div class=\"about-author about-author-box container-wrapper\">\n<div class=\"author-avatar\">\n<p><img decoding=\"async\" src=\"http:\/\/\" alt=\"\"\/><\/p>\n<\/div>\n<p><h4>La R\u00e9daction EcoMatin<\/h4>\n<\/p>\n<\/div>\n<div class=\"awac-wrapper awac widget blog_subscription-2\">\n<h4 class=\"widget-title\">Abonnez-vous \u00e0 notre lettre d&rsquo;information<\/h4>\n<\/div>\n<\/div>\n<div class=\"toggle-post-content clearfix\"><a id=\"toggle-post-button\" class=\"button\" href=\"#\">Afficher plus <\/a><\/div>\n<p>Auteur: EcoMatin<br \/>\n<a href=\"https:\/\/ecomatin.net\/ciment-cimencam-augmente-sa-production-de-500-000-tonnes\/\">Cliquez ici pour lire l&rsquo;article depuis sa source.<\/a><\/p>\n","protected":false},"excerpt":{"rendered":"<p>\u00a0Dix ans apr\u00e8s la pose de la premi\u00e8re pierre,\u00a0\u00a0l\u2019usine de Cimencam \u00e0 Nomayos, village situ\u00e9 dans\u00a0\u00a0l\u2019arrondissement de Mbankomo, d\u00e9partement de la Mefou et Akono prend corps. L\u2019imposant b\u00e2timent d\u2019acier et d\u2019aluminium impose le respect de par son architecture et sa taille. Construit\u00a0\u00a0\u00e0 hauteur de 28 milliards FCFA, il est capable de produire 500 000 tonnes [&hellip;]<\/p>\n","protected":false},"author":1969,"featured_media":0,"comment_status":"closed","ping_status":"closed","sticky":false,"template":"","format":"standard","meta":{"fifu_image_url":"","fifu_image_alt":"","footnotes":""},"categories":[82,78],"tags":[],"class_list":["post-26013","post","type-post","status-publish","format-standard","hentry","category-cameroun","category-economie"],"_links":{"self":[{"href":"https:\/\/linitiative.ca\/International\/wp-json\/wp\/v2\/posts\/26013","targetHints":{"allow":["GET"]}}],"collection":[{"href":"https:\/\/linitiative.ca\/International\/wp-json\/wp\/v2\/posts"}],"about":[{"href":"https:\/\/linitiative.ca\/International\/wp-json\/wp\/v2\/types\/post"}],"author":[{"embeddable":true,"href":"https:\/\/linitiative.ca\/International\/wp-json\/wp\/v2\/users\/1969"}],"replies":[{"embeddable":true,"href":"https:\/\/linitiative.ca\/International\/wp-json\/wp\/v2\/comments?post=26013"}],"version-history":[{"count":0,"href":"https:\/\/linitiative.ca\/International\/wp-json\/wp\/v2\/posts\/26013\/revisions"}],"wp:attachment":[{"href":"https:\/\/linitiative.ca\/International\/wp-json\/wp\/v2\/media?parent=26013"}],"wp:term":[{"taxonomy":"category","embeddable":true,"href":"https:\/\/linitiative.ca\/International\/wp-json\/wp\/v2\/categories?post=26013"},{"taxonomy":"post_tag","embeddable":true,"href":"https:\/\/linitiative.ca\/International\/wp-json\/wp\/v2\/tags?post=26013"}],"curies":[{"name":"wp","href":"https:\/\/api.w.org\/{rel}","templated":true}]}}