{"id":26042,"date":"2019-04-04T19:34:20","date_gmt":"2019-04-04T23:34:20","guid":{"rendered":"https:\/\/linitiative.ca\/International\/essaouira-le-comite-provincial-des-paturages-tient-sa-premiere-reunion-de-travail\/"},"modified":"2019-04-04T19:34:20","modified_gmt":"2019-04-04T23:34:20","slug":"essaouira-le-comite-provincial-des-paturages-tient-sa-premiere-reunion-de-travail","status":"publish","type":"post","link":"https:\/\/linitiative.ca\/International\/essaouira-le-comite-provincial-des-paturages-tient-sa-premiere-reunion-de-travail\/","title":{"rendered":"Essaouira : Le comit\u00e9 provincial des p\u00e2turages tient sa premi\u00e8re r\u00e9union de travail"},"content":{"rendered":"<div readability=\"41\">\n<p>Essaouira \u2013 Le comit\u00e9 provincial des p\u00e2turages a tenu, jeudi \u00e0 Essaouira, sa premi\u00e8re r\u00e9union \u00e9largie et ce, en application des orientations \u00e9mises par le comit\u00e9 central conjoint entre le minist\u00e8re de l\u2019Int\u00e9rieur et le minist\u00e8re de l\u2019Agriculture, de la P\u00eache maritime, du D\u00e9veloppement durable, et des Eaux et For\u00eats concernant la mise en application des dispositions de la loi 113-13 relative \u00e0 la transhumance pastorale et \u00e0 l\u2019am\u00e9nagement et la gestion des espaces pastoraux et sylvo-pastoraux.<\/p>\n<\/div>\n<div readability=\"171\">\n<p>Cette rencontre, dont les travaux ont \u00e9t\u00e9 pr\u00e9sid\u00e9s par le gouverneur de la province d\u2019Essaouira, M. Adil El Maliki, en pr\u00e9sence notamment de responsables du minist\u00e8re de l\u2019Agriculture, des autorit\u00e9s locales, des \u00e9lus locaux ainsi que d\u2019autres personnalit\u00e9s, s\u2019inscrit aussi dans le cadre de l\u2019activation de la loi 113-13 et de ses textes d\u2019application.<\/p>\n<p>Elle vise \u00e0 examiner les mesures et proc\u00e9dures \u00e0 mettre en \u0153uvre en vue de r\u00e9unir toutes les conditions n\u00e9cessaires \u00e0 la bonne mise en application de ce texte de loi, ainsi qu\u2019\u00e0 l\u2019activation du comit\u00e9 provincial des p\u00e2turages afin qu\u2019il soit en mesure de mettre en application les missions qui lui sont d\u00e9volues.<\/p>\n<p>Cette rencontre a \u00e9t\u00e9 \u00e9galement l\u2019occasion de mettre l\u2019accent sur les missions et r\u00f4les du comit\u00e9, avec un focus sur l\u2019identification des besoins des espaces pastoraux au niveau de la province, l\u2019\u00e9laboration de propositions relatives aux domaines pastoraux, les mesures indispensables au d\u00e9veloppement, la protection et l\u2019am\u00e9nagement de ces espaces.<\/p>\n<p>L\u2019accent a \u00e9t\u00e9 mis aussi sur les espaces pastoraux et sylvo-pastoraux susceptibles d\u2019\u00eatre ouverts pour accueillir les troupeaux, les moyens susceptibles de valoriser ces espaces en vue de prot\u00e9ger les ressources pastorales, en tenant compte de l\u2019imp\u00e9ratif de prot\u00e9ger le patrimoine forestier, ainsi que sur les mesures \u00e0 adopter pour un r\u00e8glement efficient des diff\u00e9rends en la mati\u00e8re.<\/p>\n<p>Dans une allocution de circonstance, M. El Maliki a soulign\u00e9 l\u2019importance strat\u00e9gique de cette rencontre qui intervient \u00e0 un moment opportun pour la mise en application effective de la loi 113-13 visant la protection et la gestion effective et rationnelle de ces espaces vitaux pour l\u2019\u00e9conomie et ce, selon une approche globale et de proximit\u00e9.<\/p>\n<p>Dans la foul\u00e9e, il a lou\u00e9 l\u2019importance que rev\u00eat le comit\u00e9 provincial des p\u00e2turages en tant que cadre ad\u00e9quat pour la mise en place d\u2019une feuille de route efficiente afin d\u2019\u00eatre en mesure de faire face, avec efficacit\u00e9, pragmatisme et proactivit\u00e9, \u00e0 toutes les probl\u00e9matiques qui s\u2019imposent en la mati\u00e8re.<\/p>\n<p>M. El Maliki a, par la m\u00eame occasion, insist\u00e9 sur la n\u00e9cessit\u00e9 de favoriser la communication entre les diff\u00e9rents acteurs concern\u00e9s par les questions li\u00e9s aux ressources pastorales, tout en les invitant \u00e0 adopter une approche proactive et \u00e0 formuler des propositions \u00e0 m\u00eame de permettre une gestion rationnelle et efficace de toutes les questions dans ce domaine.<\/p>\n<p>Et de conclure que cette d\u00e9marche cadre parfaitement avec l\u2019approche de proximit\u00e9 pr\u00f4n\u00e9e par SM le Roi Mohammed VI et l\u2019int\u00e9r\u00eat tout particulier qu\u2019accorde le Souverain \u00e0 l\u2019\u00e9l\u00e9ment humain dans toutes les politiques de d\u00e9veloppement durable mises en \u0153uvre dans le Royaume.<\/p>\n<p>De son c\u00f4t\u00e9, M. Ahmed Najid, directeur provincial de l\u2019agriculture, a pr\u00e9sent\u00e9 un expos\u00e9 d\u00e9taill\u00e9 articul\u00e9 autour de trois axes principaux, \u00e0 savoir le cadre juridique r\u00e9gissant les espaces pastoraux et sylvo-pastoraux, ainsi que ses textes d\u2019application, les efforts inlassables d\u00e9ploy\u00e9s par le minist\u00e8re de tutelle pour une bonne mise en application de la loi 113-13 ainsi que les r\u00f4les et missions qui seront d\u00e9volus au comit\u00e9 provincial des p\u00e2turages.<\/p>\n<p>Dans la foul\u00e9e, il a pass\u00e9 en revue une s\u00e9rie de probl\u00e9matiques que conna\u00eet ce secteur, notamment la succession des ann\u00e9es de s\u00e9cheresse, l\u2019exploitation abusive et irrationnelle de ces espaces, insistant sur la n\u00e9cessit\u00e9 de tirer profit de l\u2019ensemble des atouts qu\u2019offre ce nouveau texte de loi, tout en accordant une place de choix \u00e0 la sensibilisation et \u00e0 l\u2019information de l\u2019ensemble des acteurs concern\u00e9s.<\/p>\n<p>Pour sa part, M. Khalid Chafik, chef de service du d\u00e9veloppement rural \u00e0 la province d\u2019Essaouira, a pr\u00e9sent\u00e9 un expos\u00e9 sur le projet du r\u00e8glement int\u00e9rieur du comit\u00e9 provincial des p\u00e2turages.<\/p>\n<p>M. Abdelouahad El Mokkadem, chef de la division des am\u00e9nagements fonciers au minist\u00e8re de l\u2019Agriculture, a mis en avant l\u2019importance des espaces pastoraux d\u2019un point de vue \u00e9cologique, social et \u00e9conomique, saluant la r\u00e9action positive des autorit\u00e9s provinciales pour une mise en application efficiente des dispositions de la loi 113-13.<\/p>\n<p>Apr\u00e8s avoir pass\u00e9 en revue les objectifs et atouts de cette nouvelle l\u00e9gislation, M. El Mokkadem a soulign\u00e9 l\u2019importance du comit\u00e9 national des p\u00e2turages, des comit\u00e9s r\u00e9gionaux et des comit\u00e9s provinciaux dans l\u2019unification et la simplification des concepts pour une mise en \u0153uvre efficiente de ce texte de loi.<\/p>\n<p>\u00ab\u00a0La mise en application de ce texte de loi, fruit de larges concertations et d\u2019\u00e9tudes, est un grand chantier qui rel\u00e8ve de la responsabilit\u00e9 de tous pour lui assurer toutes les conditions de succ\u00e8s\u00a0\u00bb, a-t-il dit.<\/p>\n<p>Quant aux autres intervenants, ils ont mis en relief l\u2019importance de la sensibilisation et de la communication pour la r\u00e9ussite de la mise en application de cette loi, r\u00e9it\u00e9rant leur engagement \u00e0 s\u2019inscrire pleinement dans la r\u00e9ussite de ce chantier.<\/p>\n<p>Ils ont, en outre, examin\u00e9 les diff\u00e9rents aspects li\u00e9s \u00e0 l\u2019am\u00e9lioration de la gestion des espaces pastoraux et sylvo-pastoraux, ainsi que les diff\u00e9rentes probl\u00e9matiques li\u00e9es \u00e0 la transhumance pastorale notamment lors des p\u00e9riodes de s\u00e9cheresse.<\/p>\n<p>En application de la loi 113-13, les membres du comit\u00e9 provincial des p\u00e2turages a propos\u00e9 l\u2019\u00e9laboration d\u2019une carte des espaces pastoraux au niveau de la province contenant des donn\u00e9es sur l\u2019\u00e9tat actuel du couvert v\u00e9g\u00e9tal au niveau de ces zones et leur productivit\u00e9, ainsi que sur les rassemblements pastoraux et leurs mouvements, la mise en place d\u2019un plan d\u2019action sur les mesures de d\u00e9veloppement, de pr\u00e9servation et d\u2019am\u00e9nagement des espaces pastoraux, l\u2019organisation de campagnes de sensibilisation sur les disposition de ladite loi et ses textes d\u2019application au niveau des collectivit\u00e9s territoriales concern\u00e9es par l\u2019activit\u00e9 pastorale, et l\u2019accompagnement et la coordination entre les intervenants dans ce domaine en vue d\u2019une gestion rationnelle et efficiente des espaces pastoraux au niveau provincial.<\/p>\n<p>Au terme de cette r\u00e9union de travail, il a \u00e9t\u00e9 proc\u00e9d\u00e9 \u00e0 l\u2019adoption \u00e0 l\u2019unanimit\u00e9 du projet du r\u00e8glement int\u00e9rieur du comit\u00e9 provincial des p\u00e2turages.<\/p>\n<\/div>\n<p>Auteur: Meriem IGASS<br \/>\n<a href=\"http:\/\/www.mapmarrakech.ma\/fr\/essaouira-le-comite-provincial-des-paturages-tient-sa-premiere-reunion-de-travail\/\">Cliquez ici pour lire l&rsquo;article depuis sa source.<\/a><\/p>\n","protected":false},"excerpt":{"rendered":"<p>Essaouira \u2013 Le comit\u00e9 provincial des p\u00e2turages a tenu, jeudi \u00e0 Essaouira, sa premi\u00e8re r\u00e9union \u00e9largie et ce, en application des orientations \u00e9mises par le comit\u00e9 central conjoint entre le minist\u00e8re de l\u2019Int\u00e9rieur et le minist\u00e8re de l\u2019Agriculture, de la P\u00eache maritime, du D\u00e9veloppement durable, et des Eaux et For\u00eats concernant la mise en application [&hellip;]<\/p>\n","protected":false},"author":1788,"featured_media":0,"comment_status":"closed","ping_status":"closed","sticky":false,"template":"","format":"standard","meta":{"fifu_image_url":"","fifu_image_alt":"","footnotes":""},"categories":[54,76],"tags":[],"class_list":["post-26042","post","type-post","status-publish","format-standard","hentry","category-maroc","category-regions"],"_links":{"self":[{"href":"https:\/\/linitiative.ca\/International\/wp-json\/wp\/v2\/posts\/26042","targetHints":{"allow":["GET"]}}],"collection":[{"href":"https:\/\/linitiative.ca\/International\/wp-json\/wp\/v2\/posts"}],"about":[{"href":"https:\/\/linitiative.ca\/International\/wp-json\/wp\/v2\/types\/post"}],"author":[{"embeddable":true,"href":"https:\/\/linitiative.ca\/International\/wp-json\/wp\/v2\/users\/1788"}],"replies":[{"embeddable":true,"href":"https:\/\/linitiative.ca\/International\/wp-json\/wp\/v2\/comments?post=26042"}],"version-history":[{"count":0,"href":"https:\/\/linitiative.ca\/International\/wp-json\/wp\/v2\/posts\/26042\/revisions"}],"wp:attachment":[{"href":"https:\/\/linitiative.ca\/International\/wp-json\/wp\/v2\/media?parent=26042"}],"wp:term":[{"taxonomy":"category","embeddable":true,"href":"https:\/\/linitiative.ca\/International\/wp-json\/wp\/v2\/categories?post=26042"},{"taxonomy":"post_tag","embeddable":true,"href":"https:\/\/linitiative.ca\/International\/wp-json\/wp\/v2\/tags?post=26042"}],"curies":[{"name":"wp","href":"https:\/\/api.w.org\/{rel}","templated":true}]}}