{"id":26054,"date":"2019-04-05T10:08:21","date_gmt":"2019-04-05T14:08:21","guid":{"rendered":"https:\/\/linitiative.ca\/International\/el-oued-pole-agricole-en-tete-des-wilayas-du-sud-productrices-de-primeurs\/"},"modified":"2019-04-05T10:08:21","modified_gmt":"2019-04-05T14:08:21","slug":"el-oued-pole-agricole-en-tete-des-wilayas-du-sud-productrices-de-primeurs","status":"publish","type":"post","link":"https:\/\/linitiative.ca\/International\/el-oued-pole-agricole-en-tete-des-wilayas-du-sud-productrices-de-primeurs\/","title":{"rendered":"El-Oued: p\u00f4le agricole en t\u00eate des wilayas du Sud productrices de primeurs"},"content":{"rendered":"<div>\n<div class=\"K2FeedImage\"><img decoding=\"async\" src=\"http:\/\/www.aps.dz\/media\/k2\/items\/cache\/bcba98b2fabeda6b21c78b2470898b12_S.jpg\" alt=\"El-Oued: p\u00f4le agricole en t\u00eate des wilayas du Sud productrices de primeurs\"><\/div>\n<div class=\"K2FeedIntroText\">\n<p><strong>EL-OUED &#8211; La wilaya d\u2019El-Oued se positionne en t\u00eate des wilayas du Sud dans les cultures agricoles, notamment de primeurs, et se hisse m\u00eame parmi les premi\u00e8res wilayas productrices du pays, selon la Chambre locale de l\u2019Agriculture.<\/strong><\/p>\n<\/div>\n<div class=\"K2FeedFullText\">\n<p>Elle est leader en mati\u00e8re de culture de pomme de terre \u00e0 l\u2019\u00e9chelle nationale, mais aussi dans d\u2019autres cultures telles que les dattes, la tomate, les arachides, le tabac et autres, port\u00e9e par l\u2019orientation des jeunes vers l\u2019investissement agricole et confort\u00e9e par la mise en place de diverses mesures lui ayant permis d\u2019acc\u00e9der au statut de pole agricole par excellence, estime le pr\u00e9sident de la Chambre, Bekkar Ghemmam Hamed.<\/p>\n<p>El Oued s\u2019est hiss\u00e9e, l\u2019an dernier, en t\u00eate des wilayas du pays dans la production de pomme de terre avec une production de 15 millions de quintaux, soit quelque 45% de la production nationale, repr\u00e9sentant aussi 70% de la production v\u00e9g\u00e9tale locale.<\/p>\n<hr>\n<h3>Lire aussi:\u00a0<a href=\"http:\/\/www.aps.dz\/economie\/86580-realisation-d-un-saut-qualitatif-dans-la-production-de-la-tomate-industrielle-a-travers-le-pays\" target=\"_blank\" rel=\"noopener noreferrer\">Un saut qualitatif dans la production de la tomate industrielle \u00e0 travers le pays<\/a><\/h3>\n<hr>\n<p>La culture de ce tubercule couvre une superficie de 40.000 hectares, r\u00e9partis sur le territoire de six (6) communes, soit 40% de la surface agricole exploit\u00e9e de la wilaya (110.000 ha), a-t-il fait savoir.<\/p>\n<p>Concernant la ph\u0153niciculture, concentr\u00e9e dans les r\u00e9gions d\u2019Oued-Souf et Oued-Righ, la Chambre fait \u00e9tat d\u2019un patrimoine de quatre (4) millions de palmiers-dattiers couvrant une superficie globale de 40.000 ha, avec une production domin\u00e9e par la vari\u00e9t\u00e9 sup\u00e9rieure \u00ab\u00a0Deglet-Nour\u00a0\u00bb dont le patrimoine compte 2,5 millions de palmiers, soit 63% de l\u2019effectif global de la wilaya.<\/p>\n<p>La production de dattes de la wilaya est de plus de trois (3) millions de quintaux, soit 35% de la production nationale, lui permettant d\u2019occuper le deuxi\u00e8me rang \u00e0 \u00e9chelle nationale dans le domaine, a-t-on pr\u00e9cis\u00e9.<\/p>\n<p>La particularit\u00e9 r\u00e9side aussi dans la production d\u2019une variante de la \u00ab\u00a0Deglet-Nour\u00a0\u00bb et la \u00ab\u00a0meilleure\u00a0\u00bb, d\u00e9nomm\u00e9e localement \u00ab\u00a0Baali\u00a0\u00bb et d\u00e9velopp\u00e9e sans irrigation dans un syst\u00e8me agricole singulier, le \u00ab\u00a0Ghaout\u00a0\u00bb (zone de d\u00e9pression permettant aux racines du palmier de tirer ses besoins en eaux directement de la nappe souterraine sup\u00e9rieure).<\/p>\n<p>\u00a0<\/p>\n<p style=\"text-align: center;\"><strong>Leader aussi dans la production d\u2019arachides et de tabac<\/strong><\/p>\n<p>\u00a0<\/p>\n<p>La culture d\u2019arachide a \u00e9t\u00e9 largement d\u00e9velopp\u00e9e ces derni\u00e8res ann\u00e9es par les agriculteurs pour atteindre une superficie de 3.000 ha, propulsant la wilaya en t\u00eate des wilayas du pays dans ce genre cultural, avec une production de 90.000 quintaux r\u00e9partis sur six (6) communes agricoles au Nord et \u00e0 l\u2019Est d\u2019El-Oued, repr\u00e9sentant une part de 80% de la production nationale.<\/p>\n<p>Pour sa part, la production de tabac occupe une surface de 2.500 ha donnant lieu \u00e0 une production de 70.000 quintaux, hissant \u00e9galement El-Oued en t\u00eate des r\u00e9gions du pays productrices de tabac avec une part de 60%.<\/p>\n<p>Sa culture se concentre dans la commune de Guemmar qui assure, \u00e0 elle seule, quelque 70% de la production locale, selon la m\u00eame source.<\/p>\n<p>La wilaya a enregistr\u00e9 aussi un bond qualitatif dans le domaine des cultures maraich\u00e8res, avec en t\u00eate la tomate g\u00e9n\u00e9ralement cultiv\u00e9e sous serre au niveau des diff\u00e9rentes exploitations agricole.<\/p>\n<hr>\n<h3>Lire aussi:\u00a0<a href=\"http:\/\/www.aps.dz\/regions\/87243-souk-ahras-1ere-wilaya-a-l-echelle-nationale-dans-la-recolte-des-lentilles\" target=\"_blank\" rel=\"noopener noreferrer\">Souk Ahras, 1\u00e8re wilaya \u00e0 l\u2019\u00e9chelle nationale dans la r\u00e9colte des lentilles<\/a><\/h3>\n<hr>\n<p>Bien que sa culture intensive en grandes surfaces soit nouvellement introduite dans la wilaya, la production de tomate a donn\u00e9 lieu cette saison \u00e0 une r\u00e9colte de 611.000 quintaux sur 3.500 ha, rivalisant avec les autres r\u00e9gions du pays et permettant \u00e0 El-Oued d\u2019ambitionner de se hisser en t\u00eate des wilayas du pays en la mati\u00e8re \u00e0 l\u2019horizon 2022, esp\u00e8rent les responsables de la Chambre agricole.<\/p>\n<p>Parmi les cultures maraich\u00e8res, la wilaya compte aussi sur la culture sous serre de la past\u00e8que de primeur, qu\u2019elle d\u00e9veloppe sur une surface de 1.500 ha, dans diff\u00e9rentes communes, notamment Magrane, Hassi-Khelifa et Trifaoui, avec rendement moyen de 400 quintaux \u00e0 l\u2019hectare.<\/p>\n<p>La dynamique de l\u2019activit\u00e9 agricole, dans ses volets v\u00e9g\u00e9tal et animal, a g\u00e9n\u00e9r\u00e9 plus de 150.000 emplois, soit pr\u00e8s de 100.000 permanents et quelques 50.000 saisonniers, d\u2019apr\u00e8s la Chambre de l\u2019Agriculture.<\/p>\n<p>La Chambre agricole de la wilaya d\u2019El-Oued recense quelque 50.000 agriculteurs adh\u00e9rents et repr\u00e9sente 13 fili\u00e8res professionnelles agricoles, dans les segments v\u00e9g\u00e9tal et animal.<\/p>\n<\/div>\n<\/div>\n<p>Auteur:<br \/>\n<a href=\"http:\/\/www.aps.dz\/regions\/87686-el-oued-un-pole-agricole-en-tete-des-wilayas-du-sud-productrices-de-primeurs\">Cliquez ici pour lire l&rsquo;article depuis sa source.<\/a><\/p>\n","protected":false},"excerpt":{"rendered":"<p>EL-OUED &#8211; La wilaya d\u2019El-Oued se positionne en t\u00eate des wilayas du Sud dans les cultures agricoles, notamment de primeurs, et se hisse m\u00eame parmi les premi\u00e8res wilayas productrices du pays, selon la Chambre locale de l\u2019Agriculture. Elle est leader en mati\u00e8re de culture de pomme de terre \u00e0 l\u2019\u00e9chelle nationale, mais aussi dans d\u2019autres [&hellip;]<\/p>\n","protected":false},"author":1790,"featured_media":26055,"comment_status":"closed","ping_status":"closed","sticky":false,"template":"","format":"standard","meta":{"fifu_image_url":"","fifu_image_alt":"","footnotes":""},"categories":[53,76],"tags":[],"class_list":["post-26054","post","type-post","status-publish","format-standard","has-post-thumbnail","hentry","category-algerie","category-regions"],"_links":{"self":[{"href":"https:\/\/linitiative.ca\/International\/wp-json\/wp\/v2\/posts\/26054","targetHints":{"allow":["GET"]}}],"collection":[{"href":"https:\/\/linitiative.ca\/International\/wp-json\/wp\/v2\/posts"}],"about":[{"href":"https:\/\/linitiative.ca\/International\/wp-json\/wp\/v2\/types\/post"}],"author":[{"embeddable":true,"href":"https:\/\/linitiative.ca\/International\/wp-json\/wp\/v2\/users\/1790"}],"replies":[{"embeddable":true,"href":"https:\/\/linitiative.ca\/International\/wp-json\/wp\/v2\/comments?post=26054"}],"version-history":[{"count":0,"href":"https:\/\/linitiative.ca\/International\/wp-json\/wp\/v2\/posts\/26054\/revisions"}],"wp:featuredmedia":[{"embeddable":true,"href":"https:\/\/linitiative.ca\/International\/wp-json\/"}],"wp:attachment":[{"href":"https:\/\/linitiative.ca\/International\/wp-json\/wp\/v2\/media?parent=26054"}],"wp:term":[{"taxonomy":"category","embeddable":true,"href":"https:\/\/linitiative.ca\/International\/wp-json\/wp\/v2\/categories?post=26054"},{"taxonomy":"post_tag","embeddable":true,"href":"https:\/\/linitiative.ca\/International\/wp-json\/wp\/v2\/tags?post=26054"}],"curies":[{"name":"wp","href":"https:\/\/api.w.org\/{rel}","templated":true}]}}