{"id":26076,"date":"2019-04-05T13:00:30","date_gmt":"2019-04-05T17:00:30","guid":{"rendered":"https:\/\/linitiative.ca\/International\/festival-le-fado-face-aux-musiques-du-monde\/"},"modified":"2019-04-05T13:00:30","modified_gmt":"2019-04-05T17:00:30","slug":"festival-le-fado-face-aux-musiques-du-monde","status":"publish","type":"post","link":"https:\/\/linitiative.ca\/International\/festival-le-fado-face-aux-musiques-du-monde\/","title":{"rendered":"Festival: Le fado face aux musiques du Monde"},"content":{"rendered":"<div readability=\"36\">\n<p>3e \u00e9dition \u00e0 Casablanca et Rabat<\/p>\n<p>Concerts, conf\u00e9rences, projection de films\u2026<\/p>\n<\/div>\n<div readability=\"93.5\">\n<div class=\"dnd-atom-wrapper type-image context-sdl_editor_representation\" contenteditable=\"false\" readability=\"35\">\n<div class=\"dnd-drop-wrapper image\"><img loading=\"lazy\" decoding=\"async\" typeof=\"foaf:Image\" class=\"img-responsive\" src=\"https:\/\/www.leconomiste.com\/sites\/default\/files\/eco7\/public\/thumbnails\/image\/fado_5488.jpg\" width=\"660\" height=\"330\" alt=\"fado_5488.jpg\" title=\"fado_5488.jpg\"\/><\/div>\n<p>En guest-stars du festival, 2 \u00e9toiles du fado: Ant\u00f3nio Zambuj et Cuca Roseta. Les deux artistes ont un parcours international des plus intenses et cumulent distinctions et prix internationaux (Ph. Dr)<\/p>\n<\/div>\n<p class=\"rtejustify\">Le\u00a0festival du fado rempile pour une 3e \u00e9dition \u00e0 Rabat et un premier coup d\u2019essai \u00e0 Casablanca. L\u2019\u00e9v\u00e8nement d\u00e9di\u00e9 \u00e0 la \u00absaudade\u00bb\u00a0 portugaise se tiendra du 4 au 6 avril avec deux spectacles au Th\u00e9\u00e2tre Rialto de la m\u00e9tropole, avant de revenir sur l&#8217;embl\u00e9matique Th\u00e9\u00e2tre National Mohammed V de la capitale ainsi qu\u2019\u00e0 la Villa des Arts, sous le th\u00e8me \u00abLe Fado et autres musiques\u00bb. \u00abL\u2019objectif est de montrer comment ce genre musical a bris\u00e9 les fronti\u00e8res, en m\u00e9langeant des influences de g\u00e9ographies lointaines pour les r\u00e9organiser, dans une grammaire propre de r\u00e9novation continue\u00bb,\u00a0 pr\u00e9cise\u00a0 Rodrigo Costa Felix, le producteur de l\u2019\u00e9v\u00e8nement. Cette \u00e9dition gr\u00e2ce \u00e0 une programmation \u00e9clectique, tient \u00e0 mettre en \u00e9vidence l&rsquo;interaction permanente du fado avec d&rsquo;autres genres de musique po\u00e9tique nationaux et internationaux, le dialogue prolong\u00e9 avec d&rsquo;autres musiques traditionnelles portugaises, du Vira do Minho au Cante Alentejano, en passant par la World Music, de la Morna \u00e0 la musique populaire br\u00e9silienne, du jazz \u00e0 la musique arabe, du Folk \u00e0 la musique d\u2019intervention. Un voyage magique de deux si\u00e8cles de permanence et de changement, fait de partage, d\u2019\u00e9changes, de croisements et de fascination r\u00e9ciproque du Fado avec d\u2019autres musiques. En guest-star: Ant\u00f3nio Zambuj, l\u2019un des noms les plus importants de la musique portugaise d\u2019aujourd\u2019hui. Accumulant les concerts \u00e0 guichet ferm\u00e9 tant au Portugal qu\u2019\u00e0 l\u2019\u00e9tranger, et les prix internationaux, il s\u2019est construit, album apr\u00e8s album, une sonorit\u00e9 et un style uniques, sans peur de m\u00e9langer ses influences, entre rythmiques chaloup\u00e9es et ses orchestrations raffin\u00e9es. Il sera \u00e0 Casablanca ce jeudi 4 avril. Autre figure embl\u00e9matique du fado,\u00a0 Cuca Roseta. Une belle voix de la nouvelle g\u00e9n\u00e9ration, une \u00abfadista\u00bb comme on dit au Portugal. Chanteuse au succ\u00e8s international, elle renouvelle l\u2019art du fado, avec des textes plus joyeux. \u00abLe Fado est tr\u00e8s sentimental, tr\u00e8s \u00e9mouvant, tr\u00e8s intense et ainsi touche les gens. Le Fado est la musique de l\u2019\u00e2me et l\u2019\u00e2me nous relie \u00e0 Dieu\u00bb.<\/p>\n<p class=\"rtecenter\"><u><em>Reconnaissance internationale<\/em><\/u><\/p>\n<p class=\"rtejustify\"><span class=\"c3\">Pour Cuca Roseta, \u00abFado \u00e9 uma ora\u00e7ao\u00bb, le fado est une pri\u00e8re.\u00a0 La belle cantatrice sera \u00e0 Casablanca le 5 et \u00e0 Rabat le 6 avril. Parall\u00e8lement aux concerts est pr\u00e9vue une exposition sur\u00a0 l\u2019\u00e2me du Portugal au Maroc, au th\u00e9\u00e2tre Mohammed V. Une exposition photographique de la photographe marocaine Mariem Naciri, qui retrace les concerts organis\u00e9s lors des deux premiers festivals de fado au Maroc en 2017 et 2018. A la Villa des Arts de la capitale, c\u2019est une exposition qui\u00a0 propose un regard sur\u00a0 la vie de Carlos Paredes. Intitul\u00e9e \u00abEtre avec Paredes\u00bb, l\u2019exposition raconte le parcours du guitariste mythique, t\u00e9moignages et bandes son \u00e0 l\u2019appui. Elle est organis\u00e9e\u00a0 par le mus\u00e9e du fado et le d\u00e9partement de la culture portugais: EGEAC.\u00a0<\/span><\/p>\n<p><span class=\"c3\">Au programme \u00e9galement une conf\u00e9rence\u00a0 qui reprend le th\u00e8me du festival: \u00abLe Fado et autres musiques\u00bb. Elle cherche \u00e0\u00a0 retracer l\u2019histoire du fado en particulier et sa relation avec les autres musiques du monde. Enfin, \u00e0 la Villa des Arts de Casablanca sera projet\u00e9 un film documentaire divis\u00e9 en 17 \u00abmouvements\u00bb qui nous r\u00e9v\u00e8le, \u00e0 travers t\u00e9moignages et musique, un hommage \u00e0 la vie et au travail du musicien Carlos Paredes. A partir de la deuxi\u00e8me moiti\u00e9 du XXe si\u00e8cle, le fado a obtenu une reconnaissance internationale, notamment dans la sc\u00e8ne de la World Music. La discipline, en tant que chanson urbaine de Lisbonne, symbole identitaire de la ville et du pays, a \u00e9t\u00e9 inscrite par l\u2019Unesco au Patrimoine mondial de l\u2019Humanit\u00e9.<\/span><\/p>\n<p class=\"rtejustify\">\u00a0<\/p>\n<\/div>\n<p>Auteur: mbasraoui<br \/>\n<a href=\"https:\/\/www.leconomiste.com\/article\/1043268-festival-le-fado-face-aux-musiques-du-monde\">Cliquez ici pour lire l&rsquo;article depuis sa source.<\/a><\/p>\n","protected":false},"excerpt":{"rendered":"<p>3e \u00e9dition \u00e0 Casablanca et Rabat Concerts, conf\u00e9rences, projection de films\u2026 En guest-stars du festival, 2 \u00e9toiles du fado: Ant\u00f3nio Zambuj et Cuca Roseta. Les deux artistes ont un parcours international des plus intenses et cumulent distinctions et prix internationaux (Ph. Dr) Le\u00a0festival du fado rempile pour une 3e \u00e9dition \u00e0 Rabat et un premier [&hellip;]<\/p>\n","protected":false},"author":1763,"featured_media":26077,"comment_status":"closed","ping_status":"closed","sticky":false,"template":"","format":"standard","meta":{"fifu_image_url":"","fifu_image_alt":"","footnotes":""},"categories":[78,54],"tags":[],"class_list":["post-26076","post","type-post","status-publish","format-standard","has-post-thumbnail","hentry","category-economie","category-maroc"],"_links":{"self":[{"href":"https:\/\/linitiative.ca\/International\/wp-json\/wp\/v2\/posts\/26076","targetHints":{"allow":["GET"]}}],"collection":[{"href":"https:\/\/linitiative.ca\/International\/wp-json\/wp\/v2\/posts"}],"about":[{"href":"https:\/\/linitiative.ca\/International\/wp-json\/wp\/v2\/types\/post"}],"author":[{"embeddable":true,"href":"https:\/\/linitiative.ca\/International\/wp-json\/wp\/v2\/users\/1763"}],"replies":[{"embeddable":true,"href":"https:\/\/linitiative.ca\/International\/wp-json\/wp\/v2\/comments?post=26076"}],"version-history":[{"count":0,"href":"https:\/\/linitiative.ca\/International\/wp-json\/wp\/v2\/posts\/26076\/revisions"}],"wp:featuredmedia":[{"embeddable":true,"href":"https:\/\/linitiative.ca\/International\/wp-json\/"}],"wp:attachment":[{"href":"https:\/\/linitiative.ca\/International\/wp-json\/wp\/v2\/media?parent=26076"}],"wp:term":[{"taxonomy":"category","embeddable":true,"href":"https:\/\/linitiative.ca\/International\/wp-json\/wp\/v2\/categories?post=26076"},{"taxonomy":"post_tag","embeddable":true,"href":"https:\/\/linitiative.ca\/International\/wp-json\/wp\/v2\/tags?post=26076"}],"curies":[{"name":"wp","href":"https:\/\/api.w.org\/{rel}","templated":true}]}}