{"id":26078,"date":"2019-04-05T14:00:57","date_gmt":"2019-04-05T18:00:57","guid":{"rendered":"https:\/\/linitiative.ca\/International\/demission-de-bouteflika-la-fin-dune-epoque\/"},"modified":"2019-04-05T14:00:57","modified_gmt":"2019-04-05T18:00:57","slug":"demission-de-bouteflika-la-fin-dune-epoque","status":"publish","type":"post","link":"https:\/\/linitiative.ca\/International\/demission-de-bouteflika-la-fin-dune-epoque\/","title":{"rendered":"D\u00e9mission de Bouteflika: La fin d\u2019une \u00e9poque"},"content":{"rendered":"<div readability=\"39\">\n<p>Il quitte le pouvoir, pouss\u00e9 vers la sortie par la vague populaire<\/p>\n<p>N\u00e9 et grandi \u00e0 Oujda, mais aucune r\u00e9f\u00e9rence \u00e0 cette partie sur le site officiel de la pr\u00e9sidence<\/p>\n<p>Il a \u00e9t\u00e9 un opposant notoire \u00e0 la r\u00e9cup\u00e9ration du Sahara marocain<\/p>\n<\/div>\n<div readability=\"120\">\n<div class=\"dnd-atom-wrapper type-image context-sdl_editor_representation\" contenteditable=\"false\" readability=\"36\">\n<div class=\"dnd-drop-wrapper image\"><img loading=\"lazy\" decoding=\"async\" typeof=\"foaf:Image\" class=\"img-responsive\" src=\"https:\/\/mobile.leconomiste.com\/sites\/default\/files\/eco7\/public\/thumbnails\/image\/algerie_5488.jpg\" width=\"660\" height=\"386\" alt=\"algerie_5488.jpg\" title=\"algerie_5488.jpg\"\/><\/div>\n<p>Apr\u00e8s des semaines de mobilisation, la rue alg\u00e9rienne a fini par avoir gain de cause. Apr\u00e8s la d\u00e9mission de Bouteflika, la pression populaire exige une v\u00e9ritable transition politique qui rompt avec les pratiques du pass\u00e9 (Ph. AFP)<\/p>\n<\/div>\n<p class=\"rtejustify\">Qui aurait pu miser un dirham sur la d\u00e9mission de Abdelaziz Bouteflika il y a seulement quelques semaines? Aujourd\u2019hui, elle est effective puisque le pr\u00e9sident de la r\u00e9publique l\u2019a remise au Conseil constitutionnel. C\u2019est le pr\u00e9sident du S\u00e9nat Abdelkader Bensalah qui assurera l\u2019int\u00e9rim pendant une p\u00e9riode de trois mois, le temps d\u2019organiser de nouvelles \u00e9lections. Ce temps est jug\u00e9 court pour la mise en place des instances \u00e9lectorales ind\u00e9pendantes, la r\u00e9vision du code \u00e9lectoral, des listes,&#8230; La pression populaire exige une v\u00e9ritable transition politique qui rompt avec les pratiques du pass\u00e9. On n\u2019en est pas encore l\u00e0. Il reste que cette d\u00e9mission est un compromis pour \u00e9viter au pr\u00e9sident la sortie d\u00e9shonorante de l\u2019emp\u00eachement par l\u2019article 102 de la Constitution.\u00a0 D\u00e9j\u00e0, les arrestations commencent \u00e0 pleuvoir. Le patron des patrons alg\u00e9riens, Ali Haddad, a \u00e9t\u00e9 arr\u00eat\u00e9 dimanche dernier. Des rumeurs circulent sur d\u2019autres personnages cl\u00e9s de l\u2019\u00e8re de Bouteflika ayant profit\u00e9 de la proximit\u00e9 avec le pouvoir pour s\u2019enrichir ind\u00fbment. Des enqu\u00eates sont ouvertes sur d\u2019autres personnes. Dans ces op\u00e9rations, l\u2019arm\u00e9e veut montrer patte blanche pour continuer \u00e0 jouer les premiers r\u00f4les. Mais, la rue s\u2019en m\u00e9fie et ne veut surtout pas que les g\u00e9n\u00e9raux jouent un r\u00f4le actif et d\u00e9cisif dans la transition politique.\u00a0<\/p>\n<p class=\"rtecenter\"><u><em>En attendant l\u2019arriv\u00e9e\u00a0de nouveaux profils&#8230;<\/em><\/u><\/p>\n<p class=\"rtejustify\">Avant de partir, pouss\u00e9 vers la sortie par la vague populaire qui veut en finir avec le r\u00e9gime en place, le pr\u00e9sident \u00e9tait plomb\u00e9 dans une chaise roulante.\u00a0<br \/>Depuis un accident vasculaire c\u00e9r\u00e9bral survenu en avril 2013, son \u00e9tat de sant\u00e9 n\u2019a pas arr\u00eat\u00e9 de se d\u00e9grader au point que ses apparitions publiques et la tenue des conseils des ministres se faisaient de plus en plus rares au cours des derniers mois. Mais ce bulletin de sant\u00e9 ne l\u2019a pas emp\u00each\u00e9 de d\u00e9crocher un 4e mandat \u00e0 la t\u00eate de l\u2019Alg\u00e9rie. Bouteflika fait quatre mandats sans que le pr\u00e9sident ne participe physiquement \u00e0 la derni\u00e8re campagne \u00e9lectorale. Avec le temps, il est devenu grabataire et aphasique.\u00a0 M\u00eame dans cet \u00e9tat, il a cherch\u00e9 \u00e0 d\u00e9crocher un 5e mandat que la rue a stopp\u00e9 net.<br \/>En attendant que les choses se d\u00e9cantent et de nouveaux profils \u00e9mergent sur la sc\u00e8ne politique, force est de constater que la biographie officielle de la pr\u00e9sidence de la r\u00e9publique a \u00e9vacu\u00e9 toute r\u00e9f\u00e9rence \u00e0 la partie marocaine de la vie de Abdelaziz Bouteflika, son lieu de naissance et son enfance. Pourtant, son p\u00e8re Ahmed, originaire de Tlemcen, avait \u00e9migr\u00e9 tr\u00e8s jeune \u00e0 Oujda o\u00f9 il s\u2019\u00e9tait install\u00e9. La famille habitait la rue Nedroma, derri\u00e8re \u00abHammam Boucif\u00bb, dans le centre ville de la capitale de l\u2019Oriental, \u00e0 quelques encablures de la fronti\u00e8re maroco-alg\u00e9rienne. Abdelaziz y est n\u00e9 le 2 mars 1937.\u00a0 Lui, ses quatre fr\u00e8res et deux s\u0153urs surnommaient leur m\u00e8re El Mansouria, par le sobriquet de \u00abYaya\u00bb, selon leurs voisins. Apr\u00e8s des \u00e9tudes primaires, Abdelaziz a poursuivi son cursus scolaire au lyc\u00e9e Abdelmoum\u00e8ne d\u2019Oujda.\u00a0<\/p>\n<p class=\"rtecenter\"><u><em>Le \u00abclan d\u2019Oujda\u00bb<\/em><\/u><\/p>\n<div class=\"dnd-atom-wrapper type-image context-sdl_editor_representation atom-align-left\" contenteditable=\"false\" readability=\"36\">\n<div class=\"dnd-drop-wrapper image\"><img loading=\"lazy\" decoding=\"async\" typeof=\"foaf:Image\" class=\"img-responsive\" src=\"https:\/\/mobile.leconomiste.com\/sites\/default\/files\/eco7\/public\/thumbnails\/image\/bouteflika_5488.jpg\" width=\"400\" height=\"384\" alt=\"bouteflika_5488.jpg\" title=\"bouteflika_5488.jpg\"\/><\/div>\n<p>En d\u00e9pit d\u2019une jeunesse pass\u00e9e \u00e0 Oujda et un entourage compos\u00e9 de dirigeants originaires de l\u2019ouest alg\u00e9rien, le pr\u00e9sident Abdelaziz Bouteflika n\u2019a pas ouvert les fronti\u00e8res, ferm\u00e9es depuis un quart de si\u00e8cle (Ph. AFP)<\/p>\n<\/div>\n<p class=\"rtejustify\">Le colonel Houari Boumediene, de son vrai nom Mohamed Boukharrouba, avant\u00a0 de devenir pr\u00e9sident de l\u2019Alg\u00e9rie \u00e0 la faveur d\u2019un coup d\u2019\u00e9tat militaire contre Ahmed Benbella en juin 1965, lui rendait r\u00e9guli\u00e8rement visite. Et pour cause, les dirigeants de premier plan du Front de lib\u00e9ration nationale (FLN) avaient choisi cette ville comme base arri\u00e8re dans la lutte pour l\u2019ind\u00e9pendance du pays. D\u2019ailleurs, on les surnommait le \u00abclan d\u2019Oujda\u00bb. Abdelaziz Bouteflika doit son ascension fulgurante \u00e0 Houari Boumediene, l\u2019homme fort de ce clan et de la branche marocaine de l\u2019Arm\u00e9e de lib\u00e9ration nationale. Au moment de la Marche verte, Abdelaziz Bouteflika \u00e9tait ministre alg\u00e9rien des Affaires \u00e9trang\u00e8res. Il restera \u00e0 ce poste jusqu\u2019\u00e0 la mort de son mentor Houari Boumediene en d\u00e9cembre 1978. Apr\u00e8s cette s\u00e9quence et poursuivi par la Cour des comptes, il choisit de s\u2019exiler en France, en Suisse et dans les pays du Golfe. Mais, l\u2019histoire retiendra que si Abdelaziz Bouteflika a \u00e9t\u00e9 un flamboyant ministre des Affaires \u00e9trang\u00e8res du temps des pays non align\u00e9s, il a \u00e9t\u00e9 aussi un opposant notoire \u00e0 la r\u00e9cup\u00e9ration du Sahara marocain. A cette \u00e9poque, il avait jou\u00e9 un r\u00f4le de premier plan dans le blocage du dossier et dans le soutien financier et arm\u00e9 du polisario. Apr\u00e8s son accession \u00e0 la pr\u00e9sidence de l\u2019Alg\u00e9rie en 1999, il avait beaucoup d\u00e9\u00e7u des deux c\u00f4t\u00e9s de la fronti\u00e8re o\u00f9 les populations\u00a0 avaient des liens familiaux. Pis, les diff\u00e9rents appels pour l\u2019ouverture de ces fronti\u00e8res entre les deux pays fr\u00e8res sont rest\u00e9s sans suite. Aujourd\u2019hui avec sa d\u00e9mission, il ne reste \u00e0 son actif que la concorde nationale et la posture de pr\u00e9sident qui avait ordonn\u00e9 la r\u00e9pression brutale des kabyles en 2001.\u00a0<br \/>M\u00eame si sa famille avait quitt\u00e9 Oujda, Abdelaziz Bouteflika avait tenu \u00e0 garder la maison dans cette ville. Aujourd\u2019hui, apr\u00e8s son r\u00e9am\u00e9nagement, elle est\u00a0 ferm\u00e9e. Au cours de sa travers\u00e9e du d\u00e9sert apr\u00e8s la mort de Boumediene et avant de devenir pr\u00e9sident, il revenait r\u00e9guli\u00e8rement dans l\u2019Oriental pour revoir notamment son neveu et ses amis d\u2019enfance.\u00a0<\/p>\n<hr\/>\n<p><strong>Cort\u00e8ge fun\u00e8bre, concorde civile, espoirs d\u2019ouverture des fronti\u00e8res&#8230;<\/strong><\/p>\n<p>Bouteflika avait un trait de caract\u00e8re: le maintien des relations cordiales m\u00eame avec ses adversaires les plus farouches. C\u2019est ainsi qu\u2019avec feu Hassan II, les relations sont rest\u00e9es empreintes d\u2019un profond respect. M\u00eame s\u2019il abritait, finan\u00e7ait et armait le polisario, il tenait \u00e0 garder des rapports amicaux avec son voisin. D\u2019ailleurs, \u00e0 la mort du Roi, Abdelaziz Bouteflika avait tenu \u00e0 assister \u00e0 l\u2019enterrement. L\u2019image de sa main pos\u00e9e sur le cercueil, tout au long du cort\u00e8ge fun\u00e8bre \u00e0 pied, avait frapp\u00e9 les esprits.\u00a0 Avec cette s\u00e9quence, beaucoup de marocains \u00e9taient pr\u00eats \u00e0 oublier le drame familial du refoulement des milliers de marocains install\u00e9s en Alg\u00e9rie, juste apr\u00e8s le coup d\u2019envoi de la Marche verte. Ils ont cru \u00e0 la fin proche de la fermeture des fronti\u00e8res entre les deux pays et au d\u00e9but d\u2019une vie normalis\u00e9e entre peuples voisins. C\u2019\u00e9tait mal conna\u00eetre les officiels d\u2019Alger. Car, quelques semaines apr\u00e8s la mort du roi, le pr\u00e9sident \u00e9tait reparti dans une campagne anti-marocaine alors qu\u2019il lan\u00e7ait la politique de \u00abconcorde civile\u00bb dans son pays, apr\u00e8s les ann\u00e9es noires de la guerre civile.\u00a0<\/p>\n<\/div>\n<p>Auteur: mbasraoui<br \/>\n<a href=\"https:\/\/www.leconomiste.com\/article\/1043269-demission-de-bouteflika-la-fin-d-une-epoque\">Cliquez ici pour lire l&rsquo;article depuis sa source.<\/a><\/p>\n","protected":false},"excerpt":{"rendered":"<p>Il quitte le pouvoir, pouss\u00e9 vers la sortie par la vague populaire N\u00e9 et grandi \u00e0 Oujda, mais aucune r\u00e9f\u00e9rence \u00e0 cette partie sur le site officiel de la pr\u00e9sidence Il a \u00e9t\u00e9 un opposant notoire \u00e0 la r\u00e9cup\u00e9ration du Sahara marocain Apr\u00e8s des semaines de mobilisation, la rue alg\u00e9rienne a fini par avoir gain [&hellip;]<\/p>\n","protected":false},"author":1763,"featured_media":26079,"comment_status":"closed","ping_status":"closed","sticky":false,"template":"","format":"standard","meta":{"fifu_image_url":"","fifu_image_alt":"","footnotes":""},"categories":[78,54],"tags":[],"class_list":["post-26078","post","type-post","status-publish","format-standard","has-post-thumbnail","hentry","category-economie","category-maroc"],"_links":{"self":[{"href":"https:\/\/linitiative.ca\/International\/wp-json\/wp\/v2\/posts\/26078","targetHints":{"allow":["GET"]}}],"collection":[{"href":"https:\/\/linitiative.ca\/International\/wp-json\/wp\/v2\/posts"}],"about":[{"href":"https:\/\/linitiative.ca\/International\/wp-json\/wp\/v2\/types\/post"}],"author":[{"embeddable":true,"href":"https:\/\/linitiative.ca\/International\/wp-json\/wp\/v2\/users\/1763"}],"replies":[{"embeddable":true,"href":"https:\/\/linitiative.ca\/International\/wp-json\/wp\/v2\/comments?post=26078"}],"version-history":[{"count":0,"href":"https:\/\/linitiative.ca\/International\/wp-json\/wp\/v2\/posts\/26078\/revisions"}],"wp:featuredmedia":[{"embeddable":true,"href":"https:\/\/linitiative.ca\/International\/wp-json\/"}],"wp:attachment":[{"href":"https:\/\/linitiative.ca\/International\/wp-json\/wp\/v2\/media?parent=26078"}],"wp:term":[{"taxonomy":"category","embeddable":true,"href":"https:\/\/linitiative.ca\/International\/wp-json\/wp\/v2\/categories?post=26078"},{"taxonomy":"post_tag","embeddable":true,"href":"https:\/\/linitiative.ca\/International\/wp-json\/wp\/v2\/tags?post=26078"}],"curies":[{"name":"wp","href":"https:\/\/api.w.org\/{rel}","templated":true}]}}