{"id":26092,"date":"2019-04-05T15:14:10","date_gmt":"2019-04-05T19:14:10","guid":{"rendered":"https:\/\/linitiative.ca\/International\/international-manchester-united-pogba-toujours-annonce-au-real\/"},"modified":"2019-04-05T15:14:10","modified_gmt":"2019-04-05T19:14:10","slug":"international-manchester-united-pogba-toujours-annonce-au-real","status":"publish","type":"post","link":"https:\/\/linitiative.ca\/International\/international-manchester-united-pogba-toujours-annonce-au-real\/","title":{"rendered":"International : Manchester United: Pogba toujours annonc\u00e9 au Real"},"content":{"rendered":"<div readability=\"32\">\n<p>Auteur : <span class=\"time\">vendredi 05 avril 2019 17:14<\/span><\/p>\n<\/div>\n<div id=\"post_core\" readability=\"41\">\n<p>Quel avenir pour Paul Pogba? Depuis plusieurs semaines, le milieu de terrain de Manchester United se retrouve annonc\u00e9 dans le viseur du Real Madrid. Ce vendredi, le quotidien madril\u00e8ne Marca assure que l&rsquo;international fran\u00e7ais a fait part de son intention de rejoindre le club espagnol l&rsquo;\u00e9t\u00e9 prochain \u00e0 ses dirigeants et \u00e0 son agent. Ainsi, sur les derni\u00e8res semaines, Mino Raiola s&rsquo;est activ\u00e9 pour aplanir ses relations avec l&rsquo;\u00e9tat-major des Merengue et a exprim\u00e9 le d\u00e9sir de son client. Int\u00e9ress\u00e9 par les services de Pogba, le triple champion d&rsquo;Europe en titre a entendu le message et attend le bon moment pour d\u00e9buter les discussions avec les Red Devils. Mais MU va-t-il laisser filer l&rsquo;un de ses meilleurs \u00e9l\u00e9ments ? Pour retenir le fran\u00e7ais, la formation anglaise pourrait tenter de le prolonger en lui accordant un contrat en or rapporte Maxifoot.fr.<\/p>\n<p><strong>Publi\u00e9 dans :<\/strong> <span>Pogba<\/span><\/p>\n<\/div>\n<p>Auteur:<br \/>\n<a href=\"http:\/\/www.lebuteur.com\/article\/detail?titre=manchester-united-pogba-toujours-annonce-au-real&#038;id=87741&#038;utm_source=feedburner&#038;utm_medium=feed&#038;utm_campaign=Feed%3A+GalerieFArtciles+%28Les+derniers+articles++-+lebuteur.com%29\">Cliquez ici pour lire l&rsquo;article depuis sa source.<\/a><\/p>\n","protected":false},"excerpt":{"rendered":"<p>Auteur : vendredi 05 avril 2019 17:14 Quel avenir pour Paul Pogba? Depuis plusieurs semaines, le milieu de terrain de Manchester United se retrouve annonc\u00e9 dans le viseur du Real Madrid. Ce vendredi, le quotidien madril\u00e8ne Marca assure que l&rsquo;international fran\u00e7ais a fait part de son intention de rejoindre le club espagnol l&rsquo;\u00e9t\u00e9 prochain \u00e0 [&hellip;]<\/p>\n","protected":false},"author":1738,"featured_media":26093,"comment_status":"closed","ping_status":"closed","sticky":false,"template":"","format":"standard","meta":{"fifu_image_url":"","fifu_image_alt":"","footnotes":""},"categories":[53,75],"tags":[],"class_list":["post-26092","post","type-post","status-publish","format-standard","has-post-thumbnail","hentry","category-algerie","category-sport"],"_links":{"self":[{"href":"https:\/\/linitiative.ca\/International\/wp-json\/wp\/v2\/posts\/26092","targetHints":{"allow":["GET"]}}],"collection":[{"href":"https:\/\/linitiative.ca\/International\/wp-json\/wp\/v2\/posts"}],"about":[{"href":"https:\/\/linitiative.ca\/International\/wp-json\/wp\/v2\/types\/post"}],"author":[{"embeddable":true,"href":"https:\/\/linitiative.ca\/International\/wp-json\/wp\/v2\/users\/1738"}],"replies":[{"embeddable":true,"href":"https:\/\/linitiative.ca\/International\/wp-json\/wp\/v2\/comments?post=26092"}],"version-history":[{"count":0,"href":"https:\/\/linitiative.ca\/International\/wp-json\/wp\/v2\/posts\/26092\/revisions"}],"wp:featuredmedia":[{"embeddable":true,"href":"https:\/\/linitiative.ca\/International\/wp-json\/"}],"wp:attachment":[{"href":"https:\/\/linitiative.ca\/International\/wp-json\/wp\/v2\/media?parent=26092"}],"wp:term":[{"taxonomy":"category","embeddable":true,"href":"https:\/\/linitiative.ca\/International\/wp-json\/wp\/v2\/categories?post=26092"},{"taxonomy":"post_tag","embeddable":true,"href":"https:\/\/linitiative.ca\/International\/wp-json\/wp\/v2\/tags?post=26092"}],"curies":[{"name":"wp","href":"https:\/\/api.w.org\/{rel}","templated":true}]}}