{"id":26094,"date":"2019-04-05T15:14:12","date_gmt":"2019-04-05T19:14:12","guid":{"rendered":"https:\/\/linitiative.ca\/International\/international-fc-barcelone-lannonce-fracassante-du-barca-sur-larrivee-de-griezmann\/"},"modified":"2019-04-05T15:14:12","modified_gmt":"2019-04-05T19:14:12","slug":"international-fc-barcelone-lannonce-fracassante-du-barca-sur-larrivee-de-griezmann","status":"publish","type":"post","link":"https:\/\/linitiative.ca\/International\/international-fc-barcelone-lannonce-fracassante-du-barca-sur-larrivee-de-griezmann\/","title":{"rendered":"International : FC Barcelone: L\u2019annonce fracassante du Bar\u00e7a sur l\u2019arriv\u00e9e de Griezmann !"},"content":{"rendered":"<div readability=\"32\">\n<p>Auteur : <span class=\"time\">vendredi 05 avril 2019 17:16<\/span><\/p>\n<\/div>\n<div id=\"post_core\" readability=\"44\">\n<p>Apr\u00e8s avoir \u00e9conduit le FC Barcelone l\u2019\u00e9t\u00e9 dernier, en d\u00e9cidant finalement de prolonger l\u2019aventure \u00e0 l\u2019Atl\u00e9tico de Madrid, Antoine Griezmann serait enfin d\u00e9cid\u00e9 \u00e0 rejoindre Lionel Messi et consorts. Le prot\u00e9g\u00e9 de Diego Simeone aurait fait savoir qu\u2019il \u00e9tait enclin \u00e0 r\u00e9pondre favorablement aux sir\u00e8nes catalanes, \u00e0 en croire les r\u00e9v\u00e9lations de la presse ib\u00e9rique. Mais Carles Rexach, conseiller du pr\u00e9sident Josep Maria Bartomeu, envoie une fin de non-recevoir \u00e0 Griezmann dans le cadre d\u2019une arriv\u00e9e dans les prochaines semaines. Dans des propos rapport\u00e9s par ESPN ce vendredi, Carles Rexach affiche son souhait de ne pas aligner les millions d\u2019euros (120M\u20ac) pour enregistrer le renfort d\u2019Antoine Griezmann lors du mercato estival : \u00ab Je ne l\u2019ach\u00e8terais pas, je ne peux pas \u00eatre plus clair que \u00e7a. Il a eu l\u2019occasion de venir ici, le train ne passe qu\u2019une fois dans la vie. Et si vous le laissez passer, c\u2019est fini \u00bb. Une d\u00e9claration qui m\u00e9rite de mettre les choses au clair rapporte Le 10 Sport.<\/p>\n<p><strong>Publi\u00e9 dans :<\/strong> <span>Griezmann<\/span><\/p>\n<\/div>\n<p>Auteur:<br \/>\n<a href=\"http:\/\/www.lebuteur.com\/article\/detail?titre=fc-barcelone-lannonce-fracassante-du-barca-sur-larrivee-de-griezmann&#038;id=87742&#038;utm_source=feedburner&#038;utm_medium=feed&#038;utm_campaign=Feed%3A+GalerieFArtciles+%28Les+derniers+articles++-+lebuteur.com%29\">Cliquez ici pour lire l&rsquo;article depuis sa source.<\/a><\/p>\n","protected":false},"excerpt":{"rendered":"<p>Auteur : vendredi 05 avril 2019 17:16 Apr\u00e8s avoir \u00e9conduit le FC Barcelone l\u2019\u00e9t\u00e9 dernier, en d\u00e9cidant finalement de prolonger l\u2019aventure \u00e0 l\u2019Atl\u00e9tico de Madrid, Antoine Griezmann serait enfin d\u00e9cid\u00e9 \u00e0 rejoindre Lionel Messi et consorts. Le prot\u00e9g\u00e9 de Diego Simeone aurait fait savoir qu\u2019il \u00e9tait enclin \u00e0 r\u00e9pondre favorablement aux sir\u00e8nes catalanes, \u00e0 en [&hellip;]<\/p>\n","protected":false},"author":1738,"featured_media":26095,"comment_status":"closed","ping_status":"closed","sticky":false,"template":"","format":"standard","meta":{"fifu_image_url":"","fifu_image_alt":"","footnotes":""},"categories":[53,75],"tags":[],"class_list":["post-26094","post","type-post","status-publish","format-standard","has-post-thumbnail","hentry","category-algerie","category-sport"],"_links":{"self":[{"href":"https:\/\/linitiative.ca\/International\/wp-json\/wp\/v2\/posts\/26094","targetHints":{"allow":["GET"]}}],"collection":[{"href":"https:\/\/linitiative.ca\/International\/wp-json\/wp\/v2\/posts"}],"about":[{"href":"https:\/\/linitiative.ca\/International\/wp-json\/wp\/v2\/types\/post"}],"author":[{"embeddable":true,"href":"https:\/\/linitiative.ca\/International\/wp-json\/wp\/v2\/users\/1738"}],"replies":[{"embeddable":true,"href":"https:\/\/linitiative.ca\/International\/wp-json\/wp\/v2\/comments?post=26094"}],"version-history":[{"count":0,"href":"https:\/\/linitiative.ca\/International\/wp-json\/wp\/v2\/posts\/26094\/revisions"}],"wp:featuredmedia":[{"embeddable":true,"href":"https:\/\/linitiative.ca\/International\/wp-json\/"}],"wp:attachment":[{"href":"https:\/\/linitiative.ca\/International\/wp-json\/wp\/v2\/media?parent=26094"}],"wp:term":[{"taxonomy":"category","embeddable":true,"href":"https:\/\/linitiative.ca\/International\/wp-json\/wp\/v2\/categories?post=26094"},{"taxonomy":"post_tag","embeddable":true,"href":"https:\/\/linitiative.ca\/International\/wp-json\/wp\/v2\/tags?post=26094"}],"curies":[{"name":"wp","href":"https:\/\/api.w.org\/{rel}","templated":true}]}}