{"id":26096,"date":"2019-04-05T15:14:13","date_gmt":"2019-04-05T19:14:13","guid":{"rendered":"https:\/\/linitiative.ca\/International\/international-liverpool-quand-arsenal-recalait-mane\/"},"modified":"2019-04-05T15:14:13","modified_gmt":"2019-04-05T19:14:13","slug":"international-liverpool-quand-arsenal-recalait-mane","status":"publish","type":"post","link":"https:\/\/linitiative.ca\/International\/international-liverpool-quand-arsenal-recalait-mane\/","title":{"rendered":"International : Liverpool : Quand Arsenal recalait Man\u00e9&#8230;"},"content":{"rendered":"<div readability=\"32\">\n<p>Auteur : <span class=\"time\">vendredi 05 avril 2019 19:00<\/span><\/p>\n<\/div>\n<div id=\"post_core\" readability=\"53\">\n<p>Alors qu&rsquo;il fait aujourd&rsquo;hui les beaux jours de Liverpool, l&rsquo;ailier Sadio Man\u00e9 aurait pu rejoindre les Gunners en 2012, sauf que ces derniers n&rsquo;ont pas donn\u00e9 suite. La r\u00e9v\u00e9lation est sign\u00e9e Mady Tour\u00e9, pr\u00e9sident de l&rsquo;acad\u00e9mie G\u00e9n\u00e9ration Foot, le club formateur de Man\u00e9. Le S\u00e9n\u00e9galais \u00e9voluait alors au FC Metz, rel\u00e9gu\u00e9 en National.<\/p>\n<p>\u00ab\u00a0Apr\u00e8s les JO, je l&rsquo;avais propos\u00e9 \u00e0 Gilles Grimandi (recruteur d&rsquo;Arsenal en France), a d\u00e9clar\u00e9 Tour\u00e9 rapporte Maxifoot.fr. Quelques ann\u00e9es plus tard, j&rsquo;avais rappel\u00e9 cet \u00e9pisode \u00e0 Ars\u00e8ne Wenger alors entra\u00eeneur d&rsquo;Arsenal\u00a0\u00bb. Le dirigeant n&rsquo;a pas pr\u00e9cis\u00e9 quelle avait alors \u00e9t\u00e9 la r\u00e9action de l&rsquo;Alsacien mais, comme dans les cas de Cristiano Ronaldo et Didier Drogba, deux joueurs dont il a loup\u00e9 de peu la signature, le technicien a d\u00fb avoir beaucoup de regrets\u2026<\/p>\n<p><strong>Publi\u00e9 dans :<\/strong> <span>liverpool<\/span> <span>Arsenal<\/span> <span>man\u00e9<\/span><\/p>\n<\/div>\n<p>Auteur:<br \/>\n<a href=\"http:\/\/www.lebuteur.com\/article\/detail?titre=liverpool-quand-arsenal-recalait-mane&#038;id=87743&#038;utm_source=feedburner&#038;utm_medium=feed&#038;utm_campaign=Feed%3A+GalerieFArtciles+%28Les+derniers+articles++-+lebuteur.com%29\">Cliquez ici pour lire l&rsquo;article depuis sa source.<\/a><\/p>\n","protected":false},"excerpt":{"rendered":"<p>Auteur : vendredi 05 avril 2019 19:00 Alors qu&rsquo;il fait aujourd&rsquo;hui les beaux jours de Liverpool, l&rsquo;ailier Sadio Man\u00e9 aurait pu rejoindre les Gunners en 2012, sauf que ces derniers n&rsquo;ont pas donn\u00e9 suite. La r\u00e9v\u00e9lation est sign\u00e9e Mady Tour\u00e9, pr\u00e9sident de l&rsquo;acad\u00e9mie G\u00e9n\u00e9ration Foot, le club formateur de Man\u00e9. Le S\u00e9n\u00e9galais \u00e9voluait alors au [&hellip;]<\/p>\n","protected":false},"author":1738,"featured_media":26097,"comment_status":"closed","ping_status":"closed","sticky":false,"template":"","format":"standard","meta":{"fifu_image_url":"","fifu_image_alt":"","footnotes":""},"categories":[53,75],"tags":[],"class_list":["post-26096","post","type-post","status-publish","format-standard","has-post-thumbnail","hentry","category-algerie","category-sport"],"_links":{"self":[{"href":"https:\/\/linitiative.ca\/International\/wp-json\/wp\/v2\/posts\/26096","targetHints":{"allow":["GET"]}}],"collection":[{"href":"https:\/\/linitiative.ca\/International\/wp-json\/wp\/v2\/posts"}],"about":[{"href":"https:\/\/linitiative.ca\/International\/wp-json\/wp\/v2\/types\/post"}],"author":[{"embeddable":true,"href":"https:\/\/linitiative.ca\/International\/wp-json\/wp\/v2\/users\/1738"}],"replies":[{"embeddable":true,"href":"https:\/\/linitiative.ca\/International\/wp-json\/wp\/v2\/comments?post=26096"}],"version-history":[{"count":0,"href":"https:\/\/linitiative.ca\/International\/wp-json\/wp\/v2\/posts\/26096\/revisions"}],"wp:featuredmedia":[{"embeddable":true,"href":"https:\/\/linitiative.ca\/International\/wp-json\/"}],"wp:attachment":[{"href":"https:\/\/linitiative.ca\/International\/wp-json\/wp\/v2\/media?parent=26096"}],"wp:term":[{"taxonomy":"category","embeddable":true,"href":"https:\/\/linitiative.ca\/International\/wp-json\/wp\/v2\/categories?post=26096"},{"taxonomy":"post_tag","embeddable":true,"href":"https:\/\/linitiative.ca\/International\/wp-json\/wp\/v2\/tags?post=26096"}],"curies":[{"name":"wp","href":"https:\/\/api.w.org\/{rel}","templated":true}]}}