{"id":26100,"date":"2019-04-05T08:13:33","date_gmt":"2019-04-05T12:13:33","guid":{"rendered":"https:\/\/linitiative.ca\/International\/87677-ligue-2-mobilis-26e-j-le-nc-magra-chute-a-oran-l-us-biskra-sur-le-podium\/"},"modified":"2019-04-05T08:13:33","modified_gmt":"2019-04-05T12:13:33","slug":"87677-ligue-2-mobilis-26e-j-le-nc-magra-chute-a-oran-l-us-biskra-sur-le-podium","status":"publish","type":"post","link":"https:\/\/linitiative.ca\/International\/87677-ligue-2-mobilis-26e-j-le-nc-magra-chute-a-oran-l-us-biskra-sur-le-podium\/","title":{"rendered":"Ligue 2 Mobilis (26e j): le NC Magra chute \u00e0 Oran, l&rsquo;US Biskra sur le podium"},"content":{"rendered":"<div>\n<div class=\"K2FeedImage\"><img decoding=\"async\" src=\"http:\/\/www.aps.dz\/media\/k2\/items\/cache\/88eb8d568debda5af661351d04690583_S.jpg\" alt=\"Ligue 2 Mobilis (26e j): le NC Magra chute \u00e0 Oran, l'US Biskra sur le podium\"><\/div>\n<div class=\"K2FeedIntroText\">\n<p><strong>ALGER &#8211; L&rsquo;US Biskra vainqueur de l&rsquo;ES Mostaganem (3-1) pour le compte de la 26e journ\u00e9e du Championnat de Ligue 2 Mobilis de football, disput\u00e9e jeudi, s&rsquo;est hiss\u00e9e provisoirement sur la troisi\u00e8me marche du podium compos\u00e9 du NC Magra et l&rsquo;ASO Chlef, alors que le match USM Annaba &#8211; WA Tlemcen (0-1), a \u00e9t\u00e9 interrompu \u00e0 la 83e minute suite \u00e0 l&rsquo;agression d&rsquo;un des deux arbitres assistants.<\/strong><\/p>\n<\/div>\n<div class=\"K2FeedFullText\">\n<p>Le WA Tlemcen en d\u00e9placement \u00e0 Annaba a r\u00e9ussi \u00e0 ouvrir le score \u00e0 la 83e minute sur penalty, provocant la col\u00e8re des supporteurs de l&rsquo;USM Annaba qui ont lanc\u00e9 des projectiles sur le terrain blessant \u00e0 la main l&rsquo;arbitre assistant, Kadem Amar. Suite \u00e0 cet incident l&rsquo;arbitre central Brahimi a d\u00e9cid\u00e9 d&rsquo;arr\u00eater le match.<\/p>\n<p>Dans le haut du classement, l&rsquo;US Biskra large vainqueur contre l&rsquo;ES Mostaganem (3-1) s&rsquo;est hiss\u00e9e provisoirement \u00e0 la 3e place du classement avec 43 points, derri\u00e8re l&rsquo;ASO Chlef (45 pts) qui n&rsquo;a pas pu faire mieux qu&rsquo;un match nul \u00e0 domicile face \u00e0 l&rsquo;USM El-Harrach (1-1).<\/p>\n<p>La journ\u00e9e a \u00e9t\u00e9 marqu\u00e9e d&rsquo;autre part par la lourde d\u00e9faite essuy\u00e9e par le leader le NC Magra devant l&rsquo;ASM Oran sur le score de 3-0. Magra qui restait sur une excellente s\u00e9rie de 15 matchs sans d\u00e9faite chute donc au stade Bouakeul.<\/p>\n<hr>\n<h3>Lire aussi:\u00a0<a href=\"http:\/\/www.aps.dz\/sport\/87669-foot-ligue-2-mobilis-26e-journee-les-resultats-et-classement\" target=\"_blank\" rel=\"noopener noreferrer\">Foot\/Ligue 2 Mobilis (26e journ\u00e9e): les r\u00e9sultats et classement<\/a><\/h3>\n<hr>\n<p>En d\u00e9pit de cette d\u00e9faite, le NC Magra (47 pts) conserve sa premi\u00e8re place mais avec seulement deux points d&rsquo;avance sur son poursuivant direct l&rsquo;ASO Chlef.<\/p>\n<p>Le MC El-Eulma battu par l&rsquo;Amel Boussa\u00e2da (2-1) a rat\u00e9 l&rsquo;occasion de se rapprocher de la t\u00eate du classement et reste bloqu\u00e9 \u00e0 la 6e place avec 40 points.<\/p>\n<p>Cette 26e journ\u00e9e prolifique en terme de buts inscrits (21), a \u00e9galement \u00e9t\u00e9 marqu\u00e9e par les victoires de la JSM B\u00e9jaia devant le MC Sa\u00efda (3-2) et la JSM Skikda en d\u00e9placement contre la lanterne rouge l&rsquo;USM Blida (2-1).<\/p>\n<p>Dans le bas du tableau, l&rsquo;ASM Oran (28 pts) creuse l&rsquo;\u00e9cart sur le premier rel\u00e9gable l&rsquo;USM El-Harrach (26 points), alors que le RC Kouba qui a conc\u00e9d\u00e9 le match nul \u00e0 domicile face au RC Relizane (0-0), compte (25 points) et se dirige tout droit vers la division amateur. L&rsquo;USM Blida, officiellement rel\u00e9gu\u00e9e en palier inf\u00e9rieur, est bon dernier avec 11 points.<\/p>\n<p>La 27e journ\u00e9e du Championnat de Ligue 2 Mobilis de football, est pr\u00e9vue mercredi 10 avril, selon le programme publi\u00e9 par la Ligue de football professionnel.<\/p>\n<\/div>\n<p><img loading=\"lazy\" decoding=\"async\" src=\"http:\/\/feeds.feedburner.com\/~r\/aps-sport\/~4\/VuJK0RYwaAI\" height=\"1\" width=\"1\" alt=\"\"><\/div>\n<p>Auteur:<br \/>\n<a href=\"http:\/\/www.aps.dz\/sport\/87677-ligue-2-mobilis-26e-j-le-nc-magra-chute-a-oran-l-us-biskra-sur-le-podium?utm_source=feedburner&#038;utm_medium=feed&#038;utm_campaign=Feed%3A+aps-sport+%28APS+-+SPORT%29\">Cliquez ici pour lire l&rsquo;article depuis sa source.<\/a><\/p>\n","protected":false},"excerpt":{"rendered":"<p>ALGER &#8211; L&rsquo;US Biskra vainqueur de l&rsquo;ES Mostaganem (3-1) pour le compte de la 26e journ\u00e9e du Championnat de Ligue 2 Mobilis de football, disput\u00e9e jeudi, s&rsquo;est hiss\u00e9e provisoirement sur la troisi\u00e8me marche du podium compos\u00e9 du NC Magra et l&rsquo;ASO Chlef, alors que le match USM Annaba &#8211; WA Tlemcen (0-1), a \u00e9t\u00e9 interrompu [&hellip;]<\/p>\n","protected":false},"author":1790,"featured_media":26101,"comment_status":"closed","ping_status":"closed","sticky":false,"template":"","format":"standard","meta":{"fifu_image_url":"","fifu_image_alt":"","footnotes":""},"categories":[53,75],"tags":[],"class_list":["post-26100","post","type-post","status-publish","format-standard","has-post-thumbnail","hentry","category-algerie","category-sport"],"_links":{"self":[{"href":"https:\/\/linitiative.ca\/International\/wp-json\/wp\/v2\/posts\/26100","targetHints":{"allow":["GET"]}}],"collection":[{"href":"https:\/\/linitiative.ca\/International\/wp-json\/wp\/v2\/posts"}],"about":[{"href":"https:\/\/linitiative.ca\/International\/wp-json\/wp\/v2\/types\/post"}],"author":[{"embeddable":true,"href":"https:\/\/linitiative.ca\/International\/wp-json\/wp\/v2\/users\/1790"}],"replies":[{"embeddable":true,"href":"https:\/\/linitiative.ca\/International\/wp-json\/wp\/v2\/comments?post=26100"}],"version-history":[{"count":0,"href":"https:\/\/linitiative.ca\/International\/wp-json\/wp\/v2\/posts\/26100\/revisions"}],"wp:featuredmedia":[{"embeddable":true,"href":"https:\/\/linitiative.ca\/International\/wp-json\/"}],"wp:attachment":[{"href":"https:\/\/linitiative.ca\/International\/wp-json\/wp\/v2\/media?parent=26100"}],"wp:term":[{"taxonomy":"category","embeddable":true,"href":"https:\/\/linitiative.ca\/International\/wp-json\/wp\/v2\/categories?post=26100"},{"taxonomy":"post_tag","embeddable":true,"href":"https:\/\/linitiative.ca\/International\/wp-json\/wp\/v2\/tags?post=26100"}],"curies":[{"name":"wp","href":"https:\/\/api.w.org\/{rel}","templated":true}]}}