{"id":26119,"date":"2019-04-05T12:54:00","date_gmt":"2019-04-05T16:54:00","guid":{"rendered":"https:\/\/linitiative.ca\/International\/sidi-bel-abbes-large-sensibilisation-sur-le-desherbage-et-la-fertilisation\/"},"modified":"2019-04-05T12:54:00","modified_gmt":"2019-04-05T16:54:00","slug":"sidi-bel-abbes-large-sensibilisation-sur-le-desherbage-et-la-fertilisation","status":"publish","type":"post","link":"https:\/\/linitiative.ca\/International\/sidi-bel-abbes-large-sensibilisation-sur-le-desherbage-et-la-fertilisation\/","title":{"rendered":"SIDI BEL ABBES : Large sensibilisation  sur le d\u00e9sherbage  et la fertilisation"},"content":{"rendered":"<p><br id=\"sep_para_1\" class=\"sep_para access\"\/><\/p>\n<div id=\"para_1\" class=\"para_30198915 resize\">\n<div class=\"texte access firstletter\">Les responsables des services agricoles de la wilaya\u00a0 ne cessent, ces jours ci, d\u2019organiser des journ\u00e9es de sensibilisation \u00e0 travers les quatre coins de la wilaya de Sidi Bel Abb\u00e8s, sur le d\u00e9sherbage et la fertilisation. Dans ce contexte ,ils viennent en effet, de rencontrer des agriculteurs des Da\u00efras de Moulay Slissen ,Mustapha Benbrahim, Sidi Ali Boussidi,Tessalah,T\u00e9lagh avant de terminer la premi\u00e8re \u00e9tape du programme ce jeudi ,\u00e1 M\u00e9rine, da\u00efra \u00e0 vocation agricole par excellence, en pr\u00e9sence des responsables des services de la protection des v\u00e9g\u00e9taux et de la vulgarisation de la D.S.A ainsi que ceux de la C.C.L.S, de la chambre d&rsquo;agriculture , de l&rsquo;U.N.P.A, du subdivisionnaire, d\u2019un ing\u00e9nieur agronome et de techniciens. L&rsquo;objectif pour les organisateurs \u00e9tant l\u2019exhortation des agriculteurs , c\u00e9r\u00e9aliculteurs et autres travailleurs\u00a0 de la terre ,\u00e0 proc\u00e9der en cette p\u00e9riode cruciale de printemps, aux pratiques du\u00a0 d\u00e9sherbage, consistant \u00e0\u00a0 limiter le d\u00e9veloppement des adventices ou mauvaises herbes qui concurrencent les plantes cultiv\u00e9es, avant d&rsquo;exercer une bonne gestion de l&rsquo;azote\u00a0\u00bb dont la gestion optimale pour les c\u00e9r\u00e9ales ,diront des intervenants, vise \u00e0\u00a0 faire correspondre l&rsquo;apport en azote avec la demande en azote de la culture et\u00a0 sa quantit\u00e9 n\u00e9cessaire pour une culture serait fonction du niveau de\u00a0 croissance\u00a0 des plants; plus la croissance est importante, plus la demande en azote serait \u00e9lev\u00e9e. Sa gestion rationnelle, selon le conseiller agricole, serait aussi louable au plan environnemental mais une fertilisation excessive augmenterait le risque de verser et diminuerait le revenu.\u00a0\u00a0\u00a0\u00a0\u00a0\u00a0\u00a0\u00a0\u00a0\u00a0\u00a0\u00a0\u00a0\u00a0\u00a0\u00a0\u00a0\u00a0\u00a0\u00a0\u00a0\u00a0\u00a0\u00a0\u00a0\u00a0\u00a0\u00a0\u00a0\u00a0\u00a0\u00a0\u00a0\u00a0<\/div>\n<\/div>\n<p>Auteur: M.Noui<br \/>\n<a href=\"https:\/\/www.reflexiondz.net\/SIDI-BEL-ABBES-Large-sensibilisation-sur-le-desherbage-et-la-fertilisation_a55247.html\">Cliquez ici pour lire l&rsquo;article depuis sa source.<\/a><\/p>\n","protected":false},"excerpt":{"rendered":"<p>Les responsables des services agricoles de la wilaya\u00a0 ne cessent, ces jours ci, d\u2019organiser des journ\u00e9es de sensibilisation \u00e0 travers les quatre coins de la wilaya de Sidi Bel Abb\u00e8s, sur le d\u00e9sherbage et la fertilisation. Dans ce contexte ,ils viennent en effet, de rencontrer des agriculteurs des Da\u00efras de Moulay Slissen ,Mustapha Benbrahim, Sidi [&hellip;]<\/p>\n","protected":false},"author":1740,"featured_media":0,"comment_status":"closed","ping_status":"closed","sticky":false,"template":"","format":"standard","meta":{"fifu_image_url":"","fifu_image_alt":"","footnotes":""},"categories":[53,76],"tags":[],"class_list":["post-26119","post","type-post","status-publish","format-standard","hentry","category-algerie","category-regions"],"_links":{"self":[{"href":"https:\/\/linitiative.ca\/International\/wp-json\/wp\/v2\/posts\/26119","targetHints":{"allow":["GET"]}}],"collection":[{"href":"https:\/\/linitiative.ca\/International\/wp-json\/wp\/v2\/posts"}],"about":[{"href":"https:\/\/linitiative.ca\/International\/wp-json\/wp\/v2\/types\/post"}],"author":[{"embeddable":true,"href":"https:\/\/linitiative.ca\/International\/wp-json\/wp\/v2\/users\/1740"}],"replies":[{"embeddable":true,"href":"https:\/\/linitiative.ca\/International\/wp-json\/wp\/v2\/comments?post=26119"}],"version-history":[{"count":0,"href":"https:\/\/linitiative.ca\/International\/wp-json\/wp\/v2\/posts\/26119\/revisions"}],"wp:attachment":[{"href":"https:\/\/linitiative.ca\/International\/wp-json\/wp\/v2\/media?parent=26119"}],"wp:term":[{"taxonomy":"category","embeddable":true,"href":"https:\/\/linitiative.ca\/International\/wp-json\/wp\/v2\/categories?post=26119"},{"taxonomy":"post_tag","embeddable":true,"href":"https:\/\/linitiative.ca\/International\/wp-json\/wp\/v2\/tags?post=26119"}],"curies":[{"name":"wp","href":"https:\/\/api.w.org\/{rel}","templated":true}]}}