{"id":26120,"date":"2019-04-05T12:54:00","date_gmt":"2019-04-05T16:54:00","guid":{"rendered":"https:\/\/linitiative.ca\/International\/tiaret-un-jeune-footballeur-assassine-a-frenda\/"},"modified":"2019-04-05T12:54:00","modified_gmt":"2019-04-05T16:54:00","slug":"tiaret-un-jeune-footballeur-assassine-a-frenda","status":"publish","type":"post","link":"https:\/\/linitiative.ca\/International\/tiaret-un-jeune-footballeur-assassine-a-frenda\/","title":{"rendered":"TIARET : Un jeune footballeur assassin\u00e9 \u00e0 Frenda"},"content":{"rendered":"<p><br id=\"sep_para_1\" class=\"sep_para access\"\/><\/p>\n<div id=\"para_1\" class=\"para_30198911 resize\">\n<div class=\"texte access firstletter\">Dans la nuit allant du mercredi au jeudi 4 avril 2019,un jeune d\u00e9nomm\u00e9 B.B,ag\u00e9 de 22 ans, \u00e9tait de retour d&rsquo;une f\u00eate de mariage au niveau de la cit\u00e9\u00a0 \u00abLes Abattoirs\u00a0\u00bb et en cours de route, il a rencontr\u00e9 un jeune, \u00e2g\u00e9 de 34 ans et lequel \u00e9tait en \u00e9tat d\u2019\u00e9bri\u00e9t\u00e9\u00a0 et apr\u00e8s quelques altercations dont les origines demeurent encore inconnues, le jeune en \u00e9tat d\u2019\u00e9bri\u00e9t\u00e9, lequel est connu sous le sobriquet\u00a0\u00bbOuld-Echouaffa\u00a0\u00bb lui a dirig\u00e9 un coup de poignard ,l&rsquo;atteignant au niveau des reins .\u00c9vacu\u00e9 d&rsquo;urgence \u00e0 l\u2019h\u00f4pital de Frenda, \u00e0 quelque 50 km du chef-lieu de wilaya de Tiaret et eu \u00e9gard \u00e0 la gravit\u00e9 de ses blessures, il a \u00e9t\u00e9 transf\u00e9r\u00e9 vers l\u2019h\u00f4pital de Tiaret o\u00f9 il a rendu l\u2019\u00e2me en cours de route ,car souffrant d&rsquo;une h\u00e9morragie interne, en d\u00e9pit d&rsquo;une intervention chirurgicale, qu&rsquo;il a subi \u00e0 l\u2019h\u00f4pital de Frenda apprend-on aupr\u00e8s de sources g\u00e9n\u00e9ralement bien inform\u00e9es qui pr\u00e9cisent que le pr\u00e9sum\u00e9-auteur du crime a \u00e9t\u00e9 arr\u00eat\u00e9 et une enqu\u00eate a \u00e9t\u00e9 ouverte par les services de police judiciaire, relevant de la s\u00fbret\u00e9 de da\u00efra de Frenda. Pour rappel, la jeune victime, \u00e9tait un joueur tr\u00e8s connu au sein de l&rsquo;\u00e9quipe de football de Frenda(F.C.B.F) et \u00e9tait estim\u00e9e par toute la population.\u00a0\u00a0\u00a0\u00a0\u00a0\u00a0\u00a0\u00a0\u00a0\u00a0\u00a0\u00a0<\/div>\n<\/div>\n<p>Auteur: A.Benrebiha<br \/>\n<a href=\"https:\/\/www.reflexiondz.net\/TIARET-Un-jeune-footballeur-assassine-a-Frenda_a55246.html\">Cliquez ici pour lire l&rsquo;article depuis sa source.<\/a><\/p>\n","protected":false},"excerpt":{"rendered":"<p>Dans la nuit allant du mercredi au jeudi 4 avril 2019,un jeune d\u00e9nomm\u00e9 B.B,ag\u00e9 de 22 ans, \u00e9tait de retour d&rsquo;une f\u00eate de mariage au niveau de la cit\u00e9\u00a0 \u00abLes Abattoirs\u00a0\u00bb et en cours de route, il a rencontr\u00e9 un jeune, \u00e2g\u00e9 de 34 ans et lequel \u00e9tait en \u00e9tat d\u2019\u00e9bri\u00e9t\u00e9\u00a0 et apr\u00e8s quelques altercations [&hellip;]<\/p>\n","protected":false},"author":1740,"featured_media":0,"comment_status":"closed","ping_status":"closed","sticky":false,"template":"","format":"standard","meta":{"fifu_image_url":"","fifu_image_alt":"","footnotes":""},"categories":[53,76],"tags":[],"class_list":["post-26120","post","type-post","status-publish","format-standard","hentry","category-algerie","category-regions"],"_links":{"self":[{"href":"https:\/\/linitiative.ca\/International\/wp-json\/wp\/v2\/posts\/26120","targetHints":{"allow":["GET"]}}],"collection":[{"href":"https:\/\/linitiative.ca\/International\/wp-json\/wp\/v2\/posts"}],"about":[{"href":"https:\/\/linitiative.ca\/International\/wp-json\/wp\/v2\/types\/post"}],"author":[{"embeddable":true,"href":"https:\/\/linitiative.ca\/International\/wp-json\/wp\/v2\/users\/1740"}],"replies":[{"embeddable":true,"href":"https:\/\/linitiative.ca\/International\/wp-json\/wp\/v2\/comments?post=26120"}],"version-history":[{"count":0,"href":"https:\/\/linitiative.ca\/International\/wp-json\/wp\/v2\/posts\/26120\/revisions"}],"wp:attachment":[{"href":"https:\/\/linitiative.ca\/International\/wp-json\/wp\/v2\/media?parent=26120"}],"wp:term":[{"taxonomy":"category","embeddable":true,"href":"https:\/\/linitiative.ca\/International\/wp-json\/wp\/v2\/categories?post=26120"},{"taxonomy":"post_tag","embeddable":true,"href":"https:\/\/linitiative.ca\/International\/wp-json\/wp\/v2\/tags?post=26120"}],"curies":[{"name":"wp","href":"https:\/\/api.w.org\/{rel}","templated":true}]}}