{"id":26127,"date":"2019-04-05T05:00:52","date_gmt":"2019-04-05T09:00:52","guid":{"rendered":"https:\/\/linitiative.ca\/International\/ligue-2-mauvaise-affaire-pour-magra-et-chlef\/"},"modified":"2019-04-05T05:00:52","modified_gmt":"2019-04-05T09:00:52","slug":"ligue-2-mauvaise-affaire-pour-magra-et-chlef","status":"publish","type":"post","link":"https:\/\/linitiative.ca\/International\/ligue-2-mauvaise-affaire-pour-magra-et-chlef\/","title":{"rendered":"Ligue 2 :\u00a0Mauvaise affaire pour Magra et Chlef"},"content":{"rendered":"<h4 class=\"title-14\"\/>\n<div class=\"featured_image\"><img width=\"800\" height=\"828\" data-cfsrc=\"https:\/\/www.elwatan.com\/wp-content\/uploads\/2019\/04\/Sans-titre-1-11.gif\" class=\"attachment-post-thumbnail size-post-thumbnail wp-post-image c1\" alt=\"\"\/><noscript><\/p>\n<p><img loading=\"lazy\" decoding=\"async\" width=\"800\" height=\"828\" src=\"https:\/\/www.elwatan.com\/wp-content\/uploads\/2019\/04\/Sans-titre-1-11.gif\" class=\"attachment-post-thumbnail size-post-thumbnail wp-post-image\" alt=\"\"\/><\/p>\n<p><\/noscript><\/div>\n<p class=\"p3\"><span class=\"s2\">Le leader du championnat de la Ligue 2, le NC Magra, a chut\u00e9 lourdement, hier, au stade Bouakeul d\u2019Oran devant l\u2019ASM Oran sur le score de 3 buts \u00e0 0. Les As\u00e9mites ont \u00abpris leur adversaire \u00e0 la gorge\u00bb d\u00e8s les toutes premi\u00e8res minutes de jeu avec l\u2019ouverture du score par Ferhi d\u00e8s la 6e minute de jeu.<\/span><\/p>\n<p class=\"p3\"><span class=\"s2\">Le club oranais a ajout\u00e9 deux autres r\u00e9alisations par Khalfallah (46\u2019 et 72\u2019). Cette victoire est tr\u00e8s importante pour l\u2019ASMO dans sa course pour le maintien. Le club quitte ainsi la zone de rel\u00e9gation avec ses 28 points. L\u2019ASO Chlef, qui avait la possibilit\u00e9 de revenir \u00e0 hauteur du leader, le NC Magra, s\u2019est content\u00e9e du match nul face \u00e0 l\u2019USM El Harrach du match nul (1-1). Benkablia avait ouvert la marque \u00e0 la 43e minute, avant que Boumechra ne remette les pendules \u00e0 l\u2019heure (66\u2019). L\u2019US Biskra n\u2019a pas trop souffert pour s\u2019imposer devant l\u2019ES Mostaganem sur le score de 3 buts \u00e0 1. Il faut relever que le match USM Annaba \u2013 WA Tlemcen n\u2019est pas all\u00e9 \u00e0 son terme.<\/span><\/p>\n<p class=\"p3\"><span class=\"s2\">Le match a \u00e9t\u00e9 arr\u00eat\u00e9 \u00e0 la 83e minute de jeu \u00e0 la suite du penalty transform\u00e9 par le Widadi Belhamri. L\u2019arbitre assistant avait \u00e9t\u00e9 bless\u00e9 par les supporters locaux \u00e0 la main et a refus\u00e9 de reprendre le jeu. Apr\u00e8s des palabres, le referee a mis fin aux d\u00e9bats sur le score d\u2019un but \u00e0 z\u00e9ro. Le WAT devrait b\u00e9n\u00e9ficier des trois pr\u00e9cieux points qui lui permettent de se rapprocher de l\u2019accession. En bas de tableau, il faut relever la mauvaise op\u00e9ration du RC Kouba, accroch\u00e9 \u00e0 domicile par le RC Relizane sur le score de z\u00e9ro \u00e0 z\u00e9ro. La JSM B\u00e9ja\u00efa a r\u00e9alis\u00e9 l\u2019essentiel en s\u2019imposant devant le MC Sa\u00efda sur le score de 3 buts \u00e0 1. A relever aussi la victoire en d\u00e9placement de la JSM Skikda devant la lanterne rouge, l\u2019USM Blida (2-1).\u00a0<\/span><\/p>\n<div class=\"yuzo_related_post style-1\" data-version=\"5.12.88\">\n<p><h3>Related Post<\/h3>\n<\/p>\n<div class=\"yuzo_wraps\">\n<div class=\"relatedthumb relatedpost-560904 c11\"><a href=\"https:\/\/www.elwatan.com\/edition\/actualite\/declaration-de-la-direction-del-watan-27-02-2019\"\/><\/p>\n<p><span class=\"yuzo__text--title c10\">D\u00e9claration de la direction d\u2019El Watan<\/span><\/div>\n<div class=\"relatedthumb relatedpost-565152 c11\"><a href=\"https:\/\/www.elwatan.com\/regions\/est\/setif\/alors-que-le-p-apc-se-mure-dans-le-silence-un-gravissime-scandale-ebranle-la-commune-de-setif-21-03-2019\"\/><\/p>\n<p><span class=\"yuzo__text--title c10\">Alors que le P\/APC se mure dans le silence : Un gr&#8230;<\/span><\/div>\n<div class=\"relatedthumb relatedpost-553347 c11\"><a href=\"https:\/\/www.elwatan.com\/regions\/centre\/blida\/blida-amenagement-de-quatre-espaces-de-loisirs-au-profit-des-familles-15-01-2019\"\/><\/p>\n<p><span class=\"yuzo__text--title c10\">Blida : Am\u00e9nagement de quatre espaces de loisirs a&#8230;<\/span><\/div>\n<div class=\"relatedthumb relatedpost-557669 c11\"><a href=\"https:\/\/www.elwatan.com\/regions\/kabylie\/boumerdes\/madani-medagh-p-apc-nos-recettes-ont-decuple-en-trois-ans-11-02-2019\"\/><\/p>\n<p><span class=\"yuzo__text--title c10\">Madani Medagh. P\/APC : \u00abNos recettes ont d\u00e9cupl\u00e9 &#8230;<\/span><\/div>\n<\/div>\n<\/div>\n<p><span class=\"post-views-label\">Post Views:<\/span> <span class=\"post-views-count\">383<\/span><\/p>\n<p>Auteur: Anis Khecheba<br \/>\n<a href=\"https:\/\/www.elwatan.com\/edition\/sports\/ligue-2-mauvaise-affaire-pour-magra-et-chlef-05-04-2019\">Cliquez ici pour lire l&rsquo;article depuis sa source.<\/a><\/p>\n","protected":false},"excerpt":{"rendered":"<p>Le leader du championnat de la Ligue 2, le NC Magra, a chut\u00e9 lourdement, hier, au stade Bouakeul d\u2019Oran devant l\u2019ASM Oran sur le score de 3 buts \u00e0 0. Les As\u00e9mites ont \u00abpris leur adversaire \u00e0 la gorge\u00bb d\u00e8s les toutes premi\u00e8res minutes de jeu avec l\u2019ouverture du score par Ferhi d\u00e8s la 6e [&hellip;]<\/p>\n","protected":false},"author":1743,"featured_media":26128,"comment_status":"closed","ping_status":"closed","sticky":false,"template":"","format":"standard","meta":{"fifu_image_url":"","fifu_image_alt":"","footnotes":""},"categories":[73,53],"tags":[],"class_list":["post-26127","post","type-post","status-publish","format-standard","has-post-thumbnail","hentry","category-actualite","category-algerie"],"_links":{"self":[{"href":"https:\/\/linitiative.ca\/International\/wp-json\/wp\/v2\/posts\/26127","targetHints":{"allow":["GET"]}}],"collection":[{"href":"https:\/\/linitiative.ca\/International\/wp-json\/wp\/v2\/posts"}],"about":[{"href":"https:\/\/linitiative.ca\/International\/wp-json\/wp\/v2\/types\/post"}],"author":[{"embeddable":true,"href":"https:\/\/linitiative.ca\/International\/wp-json\/wp\/v2\/users\/1743"}],"replies":[{"embeddable":true,"href":"https:\/\/linitiative.ca\/International\/wp-json\/wp\/v2\/comments?post=26127"}],"version-history":[{"count":0,"href":"https:\/\/linitiative.ca\/International\/wp-json\/wp\/v2\/posts\/26127\/revisions"}],"wp:featuredmedia":[{"embeddable":true,"href":"https:\/\/linitiative.ca\/International\/wp-json\/"}],"wp:attachment":[{"href":"https:\/\/linitiative.ca\/International\/wp-json\/wp\/v2\/media?parent=26127"}],"wp:term":[{"taxonomy":"category","embeddable":true,"href":"https:\/\/linitiative.ca\/International\/wp-json\/wp\/v2\/categories?post=26127"},{"taxonomy":"post_tag","embeddable":true,"href":"https:\/\/linitiative.ca\/International\/wp-json\/wp\/v2\/tags?post=26127"}],"curies":[{"name":"wp","href":"https:\/\/api.w.org\/{rel}","templated":true}]}}