{"id":26154,"date":"2019-04-05T16:34:00","date_gmt":"2019-04-05T20:34:00","guid":{"rendered":"https:\/\/linitiative.ca\/International\/les-obseques-de-abdelwahab-ben-ayed-par-limage\/"},"modified":"2019-04-05T16:34:00","modified_gmt":"2019-04-05T20:34:00","slug":"les-obseques-de-abdelwahab-ben-ayed-par-limage","status":"publish","type":"post","link":"https:\/\/linitiative.ca\/International\/les-obseques-de-abdelwahab-ben-ayed-par-limage\/","title":{"rendered":"Les obs\u00e8ques de Abdelwahab Ben Ayed  par l&rsquo;image"},"content":{"rendered":"<p>D\u00e9c\u00e9d\u00e9 la\u00a0 veille, Si Abdelwahab Ben Ayed, l\u2019un de nos grands capitaines d\u2019industrie et fondateur de Poulina a \u00e9t\u00e9 accompagn\u00e9 jusqu\u2019\u00e0 sa derni\u00e8re demeure ce vendredi\u00a0 5 avril en pr\u00e9sence du chef de Gouvernement, du gouverneur de la BCT, du secr\u00e9taire g\u00e9n\u00e9ral de l&rsquo;Ugtt,\u00a0 du pr\u00e9sident du mouvement Ennahdha et une foule d\u2019amis et de Tunisiens anonymes venus lui rendre un hommage ultime<br \/>Ce v\u00e9ritable h\u00e9ros n\u2019a eu de cesse depuis 50 ans d\u2019investir et de cr\u00e9er des emplois pour les Tunisiens. Pionnier de l\u2019aviculture moderne en Tunisie, il aura \u00e9t\u00e9 l\u2019un des artisans de l\u2019essor industriel de notre pays. Jusqu\u2019au bout, bravant la maladie, il a veill\u00e9 au d\u00e9veloppement de ce qui est devenu aujourd&rsquo;hui Poulina Group Holding, un joyau de l&rsquo;indutrie tunisienne avec ses 74 entreprises employant des milliers d&#8217;employ\u00e9s et qui s&rsquo;\u00e9tend jusqu&rsquo;en Chine. A ce titre, il a bien m\u00e9rit\u00e9 de la patrie.<\/p>\n<p>\u00a0<br \/>\nAuteur:<br \/>\n<a href=\"https:\/\/www.leaders.com.tn\/article\/26849-les-obseques-de-abdelwahab-ben-ayed-par-l-image\">Cliquez ici pour lire l&rsquo;article depuis sa source.<\/a><\/p>\n","protected":false},"excerpt":{"rendered":"<p>D\u00e9c\u00e9d\u00e9 la\u00a0 veille, Si Abdelwahab Ben Ayed, l\u2019un de nos grands capitaines d\u2019industrie et fondateur de Poulina a \u00e9t\u00e9 accompagn\u00e9 jusqu\u2019\u00e0 sa derni\u00e8re demeure ce vendredi\u00a0 5 avril en pr\u00e9sence du chef de Gouvernement, du gouverneur de la BCT, du secr\u00e9taire g\u00e9n\u00e9ral de l&rsquo;Ugtt,\u00a0 du pr\u00e9sident du mouvement Ennahdha et une foule d\u2019amis et de [&hellip;]<\/p>\n","protected":false},"author":1772,"featured_media":0,"comment_status":"closed","ping_status":"closed","sticky":false,"template":"","format":"standard","meta":{"fifu_image_url":"","fifu_image_alt":"","footnotes":""},"categories":[73,55],"tags":[],"class_list":["post-26154","post","type-post","status-publish","format-standard","hentry","category-actualite","category-tunisie"],"_links":{"self":[{"href":"https:\/\/linitiative.ca\/International\/wp-json\/wp\/v2\/posts\/26154","targetHints":{"allow":["GET"]}}],"collection":[{"href":"https:\/\/linitiative.ca\/International\/wp-json\/wp\/v2\/posts"}],"about":[{"href":"https:\/\/linitiative.ca\/International\/wp-json\/wp\/v2\/types\/post"}],"author":[{"embeddable":true,"href":"https:\/\/linitiative.ca\/International\/wp-json\/wp\/v2\/users\/1772"}],"replies":[{"embeddable":true,"href":"https:\/\/linitiative.ca\/International\/wp-json\/wp\/v2\/comments?post=26154"}],"version-history":[{"count":0,"href":"https:\/\/linitiative.ca\/International\/wp-json\/wp\/v2\/posts\/26154\/revisions"}],"wp:attachment":[{"href":"https:\/\/linitiative.ca\/International\/wp-json\/wp\/v2\/media?parent=26154"}],"wp:term":[{"taxonomy":"category","embeddable":true,"href":"https:\/\/linitiative.ca\/International\/wp-json\/wp\/v2\/categories?post=26154"},{"taxonomy":"post_tag","embeddable":true,"href":"https:\/\/linitiative.ca\/International\/wp-json\/wp\/v2\/tags?post=26154"}],"curies":[{"name":"wp","href":"https:\/\/api.w.org\/{rel}","templated":true}]}}