{"id":26163,"date":"2019-04-05T13:44:08","date_gmt":"2019-04-05T17:44:08","guid":{"rendered":"https:\/\/linitiative.ca\/International\/le-roi-mohammed-vi-remet-a-niveau-la-formation-professionnelle\/"},"modified":"2019-04-05T13:44:08","modified_gmt":"2019-04-05T17:44:08","slug":"le-roi-mohammed-vi-remet-a-niveau-la-formation-professionnelle","status":"publish","type":"post","link":"https:\/\/linitiative.ca\/International\/le-roi-mohammed-vi-remet-a-niveau-la-formation-professionnelle\/","title":{"rendered":"Le Roi Mohammed VI remet \u00e0 niveau la Formation professionnelle"},"content":{"rendered":"<p>R\u00e9orienter la formation professionnelle tel est l\u2019objectif de la nouvelle feuille de route valid\u00e9e jeudi par le Roi Mohammed VI. Elle vise \u00e0 insuffler une nouvelle dynamique \u00e0 ce secteur strat\u00e9gique.<\/p>\n<div class=\"c10\"\/>\n<p>La <strong>Feuille<\/strong> <strong>de<\/strong> <strong>Route<\/strong> relative au d\u00e9veloppement de la formation professionnelle et \u00e0 la cr\u00e9ation des \u00ab\u00a0Cit\u00e9s des M\u00e9tiers et des Comp\u00e9tences\u00a0\u00bb dans chaque r\u00e9gion du Royaume, pr\u00e9sent\u00e9e jeudi devant Sa Majest\u00e9 le Roi Mohammed VI, ambitionne de faire de la formation professionnelle une voie d\u2019\u00e9panouissement et d\u2019avenir, a indiqu\u00e9, jeudi \u00e0 Rabat, la directrice g\u00e9n\u00e9rale de l\u2019Office de la formation professionnelle et de la promotion du travail (OFPPT), Loubna Tricha.<\/p>\n<p>Dans une d\u00e9claration \u00e0 la MAP en marge de la s\u00e9ance consacr\u00e9e \u00e0 la pr\u00e9sentation de cette feuille de route, Tricha a soulign\u00e9 que ce projet vise la mise \u00e0 niveau profonde du secteur de la formation professionnelle en vue d\u2019accompagner le d\u00e9veloppement \u00e9conomique du Royaume, la comp\u00e9titivit\u00e9 des entreprises et l\u2019am\u00e9lioration de l\u2019insertion professionnelle des jeunes, en faisant des ressources humaines qualifi\u00e9es un avantage comp\u00e9titif.<\/p>\n<p>Apr\u00e8s avoir soulign\u00e9 que ce projet porte sur la mise en place d\u2019une nouvelle g\u00e9n\u00e9ration de \u00ab\u00a0Cit\u00e9s des M\u00e9tiers et des Comp\u00e9tences\u00a0\u00bb qui seront cr\u00e9\u00e9es en nombre de douze, dont une cit\u00e9 dans chaque r\u00e9gion du Royaume, Mme Tricha a fait savoir que lors de cette premi\u00e8re phase de conception \u00ab\u00a0nous avons veill\u00e9 \u00e0 capitaliser tout notre retour d\u2019exp\u00e9rience et \u00e0 r\u00e9unir toutes les conditions n\u00e9cessaires pour d\u00e9livrer une formation de haut niveau et de qualit\u00e9\u00a0\u00bb.<\/p>\n<p>Dans ce sens, elle a mis l\u2019accent sur l\u2019\u00e9laboration d\u2019une offre de formation concert\u00e9e avec les professionnels r\u00e9pondant aux sp\u00e9cificit\u00e9s actuelles et futures de chacune des r\u00e9gions, ainsi que l\u2019adoption d\u2019une charte spatiale et la fourniture d\u2019\u00e9quipements de haute technologie rapprochant au mieux l\u2019espace de la formation de la r\u00e9alit\u00e9 de l\u2019entreprise.<\/p>\n<p>Elle a \u00e9galement mis en avant l\u2019adoption d\u2019un nouveau mode de gouvernance impliquant fortement les professionnels dans les diff\u00e9rents secteurs m\u00e9tiers et permettant plus d\u2019agilit\u00e9 et de flexibilit\u00e9 pour s\u2019adapter, dans la dur\u00e9e, aux \u00e9volutions du march\u00e9 de l\u2019emploi.<\/p>\n<p>Une formation de haut niveau passe aussi, selon Mme Tricha, par une ing\u00e9nierie actualis\u00e9e selon l\u2019approche par comp\u00e9tence, favorisant le \u00ab\u00a0Learning by doing\u00a0\u00bb, en int\u00e9grant, \u00e0 chacune des cit\u00e9s, diff\u00e9rentes plateformes d\u2019application, adapt\u00e9es \u00e0 chacun des secteurs avec une attention particuli\u00e8re accord\u00e9e \u00e0 l\u2019apprentissage des langues et aux soft skills.<\/p>\n<p>A cet effet, la directrice g\u00e9n\u00e9rale de l\u2019<strong>OFPPT<\/strong> a pr\u00e9cis\u00e9 qu\u2019une \u00ab\u00a0forte pr\u00e9sence des nouvelles technologies sera \u00e9galement int\u00e9gr\u00e9e dans la conception de ces nouveaux programmes via le recours au E-Learning et aux diff\u00e9rents simulateurs\u00a0\u00bb.<\/p>\n<div class=\"c17\">\n<fieldset class=\"c16\">\n<legend><strong><span class=\"c11\">Challenge<\/span><span class=\"c12\">news<\/span><\/strong><\/legend>\n<div class=\"c15\">Le meilleur de la r\u00e9daction s\u00e9lectionn\u00e9 par Challenge :<\/p>\n<\/div>\n<\/fieldset>\n<\/div>\n<p>Auteur: Hassan Manyani<br \/>\n<a href=\"https:\/\/www.challenge.ma\/le-roi-mohammed-vi-remet-a-niveau-la-formation-professionnelle-107368\/\">Cliquez ici pour lire l&rsquo;article depuis sa source.<\/a><\/p>\n","protected":false},"excerpt":{"rendered":"<p>R\u00e9orienter la formation professionnelle tel est l\u2019objectif de la nouvelle feuille de route valid\u00e9e jeudi par le Roi Mohammed VI. Elle vise \u00e0 insuffler une nouvelle dynamique \u00e0 ce secteur strat\u00e9gique. La Feuille de Route relative au d\u00e9veloppement de la formation professionnelle et \u00e0 la cr\u00e9ation des \u00ab\u00a0Cit\u00e9s des M\u00e9tiers et des Comp\u00e9tences\u00a0\u00bb dans chaque [&hellip;]<\/p>\n","protected":false},"author":1787,"featured_media":0,"comment_status":"closed","ping_status":"closed","sticky":false,"template":"","format":"standard","meta":{"fifu_image_url":"","fifu_image_alt":"","footnotes":""},"categories":[78,54],"tags":[],"class_list":["post-26163","post","type-post","status-publish","format-standard","hentry","category-economie","category-maroc"],"_links":{"self":[{"href":"https:\/\/linitiative.ca\/International\/wp-json\/wp\/v2\/posts\/26163","targetHints":{"allow":["GET"]}}],"collection":[{"href":"https:\/\/linitiative.ca\/International\/wp-json\/wp\/v2\/posts"}],"about":[{"href":"https:\/\/linitiative.ca\/International\/wp-json\/wp\/v2\/types\/post"}],"author":[{"embeddable":true,"href":"https:\/\/linitiative.ca\/International\/wp-json\/wp\/v2\/users\/1787"}],"replies":[{"embeddable":true,"href":"https:\/\/linitiative.ca\/International\/wp-json\/wp\/v2\/comments?post=26163"}],"version-history":[{"count":0,"href":"https:\/\/linitiative.ca\/International\/wp-json\/wp\/v2\/posts\/26163\/revisions"}],"wp:attachment":[{"href":"https:\/\/linitiative.ca\/International\/wp-json\/wp\/v2\/media?parent=26163"}],"wp:term":[{"taxonomy":"category","embeddable":true,"href":"https:\/\/linitiative.ca\/International\/wp-json\/wp\/v2\/categories?post=26163"},{"taxonomy":"post_tag","embeddable":true,"href":"https:\/\/linitiative.ca\/International\/wp-json\/wp\/v2\/tags?post=26163"}],"curies":[{"name":"wp","href":"https:\/\/api.w.org\/{rel}","templated":true}]}}