{"id":26170,"date":"2019-04-05T16:06:39","date_gmt":"2019-04-05T20:06:39","guid":{"rendered":"https:\/\/linitiative.ca\/International\/tunisie-mahdia-arrestation-dun-prisonnier-en-cavale-depuis-2011\/"},"modified":"2019-04-05T16:06:39","modified_gmt":"2019-04-05T20:06:39","slug":"tunisie-mahdia-arrestation-dun-prisonnier-en-cavale-depuis-2011","status":"publish","type":"post","link":"https:\/\/linitiative.ca\/International\/tunisie-mahdia-arrestation-dun-prisonnier-en-cavale-depuis-2011\/","title":{"rendered":"Tunisie \u2013 Mahdia\u00a0: Arrestation d\u2019un prisonnier en cavale depuis 2011"},"content":{"rendered":"<div class=\"post-cont-in left relative\">\n<div class=\"nc_socialPanel swp_flatFresh swp_d_fullColor swp_i_fullColor swp_o_fullColor scale-100 scale-fullWidth\" data-position=\"none\" data-float=\"floatNone\" data-count=\"5\" data-floatcolor=\"#ffffff\" data-emphasize=\"0\">\n<div class=\"nc_tweetContainer totes totesalt\" data-id=\"6\"><span class=\"swp_count\"><span class=\"swp_label\">Partages<\/span> 1<\/span><\/div>\n<\/div>\n<p>Les agents de la brigade de recherches de la garde nationale de Mahdia ont r\u00e9ussi, ce vendredi, suite \u00e0 un travail de renseignements, \u00e0 appr\u00e9hender un individu \u00e9vad\u00e9 de prison depuis 2011 et qui \u00e9tait\u00a0par ailleurs, recherch\u00e9 pour abus sexuel sur mineur, par le tribunal de Monastir.<\/p>\n<div class=\"code-block code-block-1 c3\"><ins class=\"adsbygoogle c2\" data-ad-layout=\"in-article\" data-ad-format=\"fluid\" data-ad-client=\"ca-pub-2102118777505746\" data-ad-slot=\"7301775417\"\/> <\/div>\n<div class=\"mvp-org-wrap mvp-org-logo\" itemprop=\"publisher\" itemscope=\"\" itemtype=\"https:\/\/schema.org\/Organization\"><img decoding=\"async\" src=\"https:\/\/www.tunisienumerique.com\/wp-content\/uploads\/2017\/02\/logo_tunisie_numerique.png\"\/><\/div>\n<div class=\"nc_socialPanel swp_flatFresh swp_d_fullColor swp_i_fullColor swp_o_fullColor scale-100 scale-fullWidth\" data-position=\"none\" data-float=\"floatNone\" data-count=\"5\" data-floatcolor=\"#ffffff\" data-emphasize=\"0\">\n<div class=\"nc_tweetContainer totes totesalt\" data-id=\"6\"><span class=\"swp_count\"><span class=\"swp_label\">Partages<\/span> 1<\/span><\/div>\n<\/div>\n<div class=\"mvp-related-posts left relative\">\n<h4 class=\"post-header\"><span class=\"post-header\">Lire aussi<\/span><\/h4>\n<\/div>\n<\/div>\n<p>Auteur: LM<br \/>\n<a href=\"https:\/\/www.tunisienumerique.com\/tunisie-mahdia-arrestation-dun-prisonnier-en-cavale-depuis-2011\/\">Cliquez ici pour lire l&rsquo;article depuis sa source.<\/a><\/p>\n","protected":false},"excerpt":{"rendered":"<p>Partages 1 Les agents de la brigade de recherches de la garde nationale de Mahdia ont r\u00e9ussi, ce vendredi, suite \u00e0 un travail de renseignements, \u00e0 appr\u00e9hender un individu \u00e9vad\u00e9 de prison depuis 2011 et qui \u00e9tait\u00a0par ailleurs, recherch\u00e9 pour abus sexuel sur mineur, par le tribunal de Monastir. Partages 1 Lire aussi Auteur: LM [&hellip;]<\/p>\n","protected":false},"author":1789,"featured_media":26171,"comment_status":"closed","ping_status":"closed","sticky":false,"template":"","format":"standard","meta":{"fifu_image_url":"","fifu_image_alt":"","footnotes":""},"categories":[73,55],"tags":[],"class_list":["post-26170","post","type-post","status-publish","format-standard","has-post-thumbnail","hentry","category-actualite","category-tunisie"],"_links":{"self":[{"href":"https:\/\/linitiative.ca\/International\/wp-json\/wp\/v2\/posts\/26170","targetHints":{"allow":["GET"]}}],"collection":[{"href":"https:\/\/linitiative.ca\/International\/wp-json\/wp\/v2\/posts"}],"about":[{"href":"https:\/\/linitiative.ca\/International\/wp-json\/wp\/v2\/types\/post"}],"author":[{"embeddable":true,"href":"https:\/\/linitiative.ca\/International\/wp-json\/wp\/v2\/users\/1789"}],"replies":[{"embeddable":true,"href":"https:\/\/linitiative.ca\/International\/wp-json\/wp\/v2\/comments?post=26170"}],"version-history":[{"count":0,"href":"https:\/\/linitiative.ca\/International\/wp-json\/wp\/v2\/posts\/26170\/revisions"}],"wp:featuredmedia":[{"embeddable":true,"href":"https:\/\/linitiative.ca\/International\/wp-json\/"}],"wp:attachment":[{"href":"https:\/\/linitiative.ca\/International\/wp-json\/wp\/v2\/media?parent=26170"}],"wp:term":[{"taxonomy":"category","embeddable":true,"href":"https:\/\/linitiative.ca\/International\/wp-json\/wp\/v2\/categories?post=26170"},{"taxonomy":"post_tag","embeddable":true,"href":"https:\/\/linitiative.ca\/International\/wp-json\/wp\/v2\/tags?post=26170"}],"curies":[{"name":"wp","href":"https:\/\/api.w.org\/{rel}","templated":true}]}}