{"id":26172,"date":"2019-04-05T16:16:00","date_gmt":"2019-04-05T20:16:00","guid":{"rendered":"https:\/\/linitiative.ca\/International\/tunisie-monastir-les-cours-perturbes-a-cause-de-la-greve-des-voitures-de-louage\/"},"modified":"2019-04-05T16:16:00","modified_gmt":"2019-04-05T20:16:00","slug":"tunisie-monastir-les-cours-perturbes-a-cause-de-la-greve-des-voitures-de-louage","status":"publish","type":"post","link":"https:\/\/linitiative.ca\/International\/tunisie-monastir-les-cours-perturbes-a-cause-de-la-greve-des-voitures-de-louage\/","title":{"rendered":"Tunisie \u2013 Monastir\u00a0: Les cours perturb\u00e9s \u00e0 cause de la gr\u00e8ve des voitures de louage"},"content":{"rendered":"<div class=\"post-cont-in left relative\">\n<div class=\"nc_socialPanel swp_flatFresh swp_d_fullColor swp_i_fullColor swp_o_fullColor scale-100 scale-fullWidth\" data-position=\"none\" data-float=\"floatNone\" data-count=\"5\" data-floatcolor=\"#ffffff\" data-emphasize=\"0\">\n<div class=\"nc_tweetContainer totes totesalt\" data-id=\"6\"><span class=\"swp_count\"><span class=\"swp_label\">Partages<\/span> 2<\/span><\/div>\n<\/div>\n<p>Le directeur r\u00e9gional de l\u2019\u00e9ducation \u00e0 Monastir a d\u00e9clar\u00e9, ce vendredi, que les cours ont \u00e9t\u00e9 perturb\u00e9s dans de nombreuses institutions scolaires, surtout dans la r\u00e9gion de Moknine. Ce d\u00e9sordre est d\u00fb\u00a0au fait que de nombreux \u00e9l\u00e8ves et enseignants ont \u00e9t\u00e9 dans l\u2019impossibilit\u00e9 de rejoindre leurs \u00e9tablissements \u00e0 cause de la gr\u00e8ve des louages qui protestaient contre la derni\u00e8re majoration du prix des carburants.<\/p>\n<div class=\"mvp-org-wrap mvp-org-logo\" itemprop=\"publisher\" itemscope=\"\" itemtype=\"https:\/\/schema.org\/Organization\"><img decoding=\"async\" src=\"https:\/\/www.tunisienumerique.com\/wp-content\/uploads\/2017\/02\/logo_tunisie_numerique.png\"\/><\/div>\n<div class=\"nc_socialPanel swp_flatFresh swp_d_fullColor swp_i_fullColor swp_o_fullColor scale-100 scale-fullWidth\" data-position=\"none\" data-float=\"floatNone\" data-count=\"5\" data-floatcolor=\"#ffffff\" data-emphasize=\"0\">\n<div class=\"nc_tweetContainer totes totesalt\" data-id=\"6\"><span class=\"swp_count\"><span class=\"swp_label\">Partages<\/span> 2<\/span><\/div>\n<\/div>\n<div class=\"mvp-related-posts left relative\">\n<h4 class=\"post-header\"><span class=\"post-header\">Lire aussi<\/span><\/h4>\n<\/div>\n<\/div>\n<p>Auteur: LM<br \/>\n<a href=\"https:\/\/www.tunisienumerique.com\/tunisie-monastir-les-cours-perturbes-a-cause-de-la-greve-des-voitures-de-louage\/\">Cliquez ici pour lire l&rsquo;article depuis sa source.<\/a><\/p>\n","protected":false},"excerpt":{"rendered":"<p>Partages 2 Le directeur r\u00e9gional de l\u2019\u00e9ducation \u00e0 Monastir a d\u00e9clar\u00e9, ce vendredi, que les cours ont \u00e9t\u00e9 perturb\u00e9s dans de nombreuses institutions scolaires, surtout dans la r\u00e9gion de Moknine. Ce d\u00e9sordre est d\u00fb\u00a0au fait que de nombreux \u00e9l\u00e8ves et enseignants ont \u00e9t\u00e9 dans l\u2019impossibilit\u00e9 de rejoindre leurs \u00e9tablissements \u00e0 cause de la gr\u00e8ve des [&hellip;]<\/p>\n","protected":false},"author":1789,"featured_media":26173,"comment_status":"closed","ping_status":"closed","sticky":false,"template":"","format":"standard","meta":{"fifu_image_url":"","fifu_image_alt":"","footnotes":""},"categories":[73,55],"tags":[],"class_list":["post-26172","post","type-post","status-publish","format-standard","has-post-thumbnail","hentry","category-actualite","category-tunisie"],"_links":{"self":[{"href":"https:\/\/linitiative.ca\/International\/wp-json\/wp\/v2\/posts\/26172","targetHints":{"allow":["GET"]}}],"collection":[{"href":"https:\/\/linitiative.ca\/International\/wp-json\/wp\/v2\/posts"}],"about":[{"href":"https:\/\/linitiative.ca\/International\/wp-json\/wp\/v2\/types\/post"}],"author":[{"embeddable":true,"href":"https:\/\/linitiative.ca\/International\/wp-json\/wp\/v2\/users\/1789"}],"replies":[{"embeddable":true,"href":"https:\/\/linitiative.ca\/International\/wp-json\/wp\/v2\/comments?post=26172"}],"version-history":[{"count":0,"href":"https:\/\/linitiative.ca\/International\/wp-json\/wp\/v2\/posts\/26172\/revisions"}],"wp:featuredmedia":[{"embeddable":true,"href":"https:\/\/linitiative.ca\/International\/wp-json\/"}],"wp:attachment":[{"href":"https:\/\/linitiative.ca\/International\/wp-json\/wp\/v2\/media?parent=26172"}],"wp:term":[{"taxonomy":"category","embeddable":true,"href":"https:\/\/linitiative.ca\/International\/wp-json\/wp\/v2\/categories?post=26172"},{"taxonomy":"post_tag","embeddable":true,"href":"https:\/\/linitiative.ca\/International\/wp-json\/wp\/v2\/tags?post=26172"}],"curies":[{"name":"wp","href":"https:\/\/api.w.org\/{rel}","templated":true}]}}