{"id":26174,"date":"2019-04-05T16:25:23","date_gmt":"2019-04-05T20:25:23","guid":{"rendered":"https:\/\/linitiative.ca\/International\/tunisie-ennahdha-demande-a-son-elue-la-maire-du-bardo-de-demissionner\/"},"modified":"2019-04-05T16:25:23","modified_gmt":"2019-04-05T20:25:23","slug":"tunisie-ennahdha-demande-a-son-elue-la-maire-du-bardo-de-demissionner","status":"publish","type":"post","link":"https:\/\/linitiative.ca\/International\/tunisie-ennahdha-demande-a-son-elue-la-maire-du-bardo-de-demissionner\/","title":{"rendered":"Tunisie \u2013 Ennahdha demande \u00e0 son \u00e9lue la maire du Bardo de d\u00e9missionner"},"content":{"rendered":"<div class=\"post-cont-in left relative\">\n<div class=\"nc_socialPanel swp_flatFresh swp_d_fullColor swp_i_fullColor swp_o_fullColor scale-100 scale-fullWidth\" data-position=\"none\" data-float=\"floatNone\" data-count=\"5\" data-floatcolor=\"#ffffff\" data-emphasize=\"0\">\n<div class=\"nc_tweetContainer totes totesalt\" data-id=\"6\"><span class=\"swp_count\"><span class=\"swp_label\">Partages<\/span> 46<\/span><\/div>\n<\/div>\n<p>Le bureau local d\u2019Ennahdha a publi\u00e9, ce vendredi, un communiqu\u00e9 dans lequel il appelle la maire du Bardo, \u00e9lue sur les listes du parti islamiste, Zeineb Ben Hassine \u00e0 d\u00e9missionner et \u00e0 appel\u00e9 \u00e0 des \u00e9lections pour choisir un nouveau maire.<\/p>\n<p>Le bureau local d\u2019Ennahdha dit avoir \u00e9t\u00e9 contraint \u00e0 cette mesure suite aux constatations sur le terrain et apr\u00e8s avoir \u00e9cout\u00e9 de nombreux membres du conseil municipal, en rapport avec les \u00e9carts de la maire en question.<\/p>\n<div class=\"code-block code-block-1 c3\"><ins class=\"adsbygoogle c2\" data-ad-layout=\"in-article\" data-ad-format=\"fluid\" data-ad-client=\"ca-pub-2102118777505746\" data-ad-slot=\"7301775417\"\/> <\/div>\n<p><img loading=\"lazy\" decoding=\"async\" class=\"aligncenter size-full wp-image-426335\" src=\"https:\/\/www.tunisienumerique.com\/wp-content\/uploads\/2019\/04\/nah.jpg\" alt=\"\" width=\"720\" height=\"1018\" srcset=\"https:\/\/www.tunisienumerique.com\/wp-content\/uploads\/2019\/04\/nah.jpg 720w, https:\/\/www.tunisienumerique.com\/wp-content\/uploads\/2019\/04\/nah-600x848.jpg 600w\" sizes=\"auto, (max-width: 720px) 100vw, 720px\"\/><\/p>\n<div class=\"mvp-org-wrap mvp-org-logo\" itemprop=\"publisher\" itemscope=\"\" itemtype=\"https:\/\/schema.org\/Organization\"><img decoding=\"async\" src=\"https:\/\/www.tunisienumerique.com\/wp-content\/uploads\/2017\/02\/logo_tunisie_numerique.png\"\/><\/div>\n<div class=\"nc_socialPanel swp_flatFresh swp_d_fullColor swp_i_fullColor swp_o_fullColor scale-100 scale-fullWidth\" data-position=\"none\" data-float=\"floatNone\" data-count=\"5\" data-floatcolor=\"#ffffff\" data-emphasize=\"0\">\n<div class=\"nc_tweetContainer totes totesalt\" data-id=\"6\"><span class=\"swp_count\"><span class=\"swp_label\">Partages<\/span> 46<\/span><\/div>\n<\/div>\n<div class=\"mvp-related-posts left relative\">\n<h4 class=\"post-header\"><span class=\"post-header\">Lire aussi<\/span><\/h4>\n<\/div>\n<\/div>\n<p>Auteur: LM<br \/>\n<a href=\"https:\/\/www.tunisienumerique.com\/tunisie-ennahdha-demande-a-son-elue-la-maire-du-bardo-de-demissionner\/\">Cliquez ici pour lire l&rsquo;article depuis sa source.<\/a><\/p>\n","protected":false},"excerpt":{"rendered":"<p>Partages 46 Le bureau local d\u2019Ennahdha a publi\u00e9, ce vendredi, un communiqu\u00e9 dans lequel il appelle la maire du Bardo, \u00e9lue sur les listes du parti islamiste, Zeineb Ben Hassine \u00e0 d\u00e9missionner et \u00e0 appel\u00e9 \u00e0 des \u00e9lections pour choisir un nouveau maire. Le bureau local d\u2019Ennahdha dit avoir \u00e9t\u00e9 contraint \u00e0 cette mesure suite [&hellip;]<\/p>\n","protected":false},"author":1789,"featured_media":26175,"comment_status":"closed","ping_status":"closed","sticky":false,"template":"","format":"standard","meta":{"fifu_image_url":"","fifu_image_alt":"","footnotes":""},"categories":[73,55],"tags":[],"class_list":["post-26174","post","type-post","status-publish","format-standard","has-post-thumbnail","hentry","category-actualite","category-tunisie"],"_links":{"self":[{"href":"https:\/\/linitiative.ca\/International\/wp-json\/wp\/v2\/posts\/26174","targetHints":{"allow":["GET"]}}],"collection":[{"href":"https:\/\/linitiative.ca\/International\/wp-json\/wp\/v2\/posts"}],"about":[{"href":"https:\/\/linitiative.ca\/International\/wp-json\/wp\/v2\/types\/post"}],"author":[{"embeddable":true,"href":"https:\/\/linitiative.ca\/International\/wp-json\/wp\/v2\/users\/1789"}],"replies":[{"embeddable":true,"href":"https:\/\/linitiative.ca\/International\/wp-json\/wp\/v2\/comments?post=26174"}],"version-history":[{"count":0,"href":"https:\/\/linitiative.ca\/International\/wp-json\/wp\/v2\/posts\/26174\/revisions"}],"wp:featuredmedia":[{"embeddable":true,"href":"https:\/\/linitiative.ca\/International\/wp-json\/"}],"wp:attachment":[{"href":"https:\/\/linitiative.ca\/International\/wp-json\/wp\/v2\/media?parent=26174"}],"wp:term":[{"taxonomy":"category","embeddable":true,"href":"https:\/\/linitiative.ca\/International\/wp-json\/wp\/v2\/categories?post=26174"},{"taxonomy":"post_tag","embeddable":true,"href":"https:\/\/linitiative.ca\/International\/wp-json\/wp\/v2\/tags?post=26174"}],"curies":[{"name":"wp","href":"https:\/\/api.w.org\/{rel}","templated":true}]}}