{"id":26178,"date":"2019-04-05T16:44:31","date_gmt":"2019-04-05T20:44:31","guid":{"rendered":"https:\/\/linitiative.ca\/International\/tunisie-arrestation-du-tresorier-du-courant-democratique-pour-malversation-financiere-et-abus-de-confiance\/"},"modified":"2019-04-05T16:44:31","modified_gmt":"2019-04-05T20:44:31","slug":"tunisie-arrestation-du-tresorier-du-courant-democratique-pour-malversation-financiere-et-abus-de-confiance","status":"publish","type":"post","link":"https:\/\/linitiative.ca\/International\/tunisie-arrestation-du-tresorier-du-courant-democratique-pour-malversation-financiere-et-abus-de-confiance\/","title":{"rendered":"Tunisie \u2013 Arrestation du tr\u00e9sorier du courant d\u00e9mocratique pour malversation financi\u00e8re et abus de confiance"},"content":{"rendered":"<div class=\"post-cont-in left relative\">\n<div class=\"nc_socialPanel swp_flatFresh swp_d_fullColor swp_i_fullColor swp_o_fullColor scale-100 scale-fullWidth\" data-position=\"none\" data-float=\"floatNone\" data-count=\"5\" data-floatcolor=\"#ffffff\" data-emphasize=\"0\">\n<div class=\"nc_tweetContainer totes totesalt\" data-id=\"6\"><span class=\"swp_count\"><span class=\"swp_label\">Partages<\/span> 4<\/span><\/div>\n<\/div>\n<p>Le tr\u00e9sorier du courant d\u00e9mocratique, Youssef Lemdani a \u00e9t\u00e9 arr\u00eat\u00e9, ce vendredi. Il avait \u00e9t\u00e9 condamn\u00e9 \u00e0 huit ans de prison par le p\u00f4le judiciaire financier du tribunal de premi\u00e8re instance de Tunis, depuis f\u00e9vrier 2018, pour abus de confiance et malversation financi\u00e8re.<\/p>\n<div class=\"mvp-org-wrap mvp-org-logo\" itemprop=\"publisher\" itemscope=\"\" itemtype=\"https:\/\/schema.org\/Organization\"><img decoding=\"async\" src=\"https:\/\/www.tunisienumerique.com\/wp-content\/uploads\/2017\/02\/logo_tunisie_numerique.png\"\/><\/div>\n<div class=\"nc_socialPanel swp_flatFresh swp_d_fullColor swp_i_fullColor swp_o_fullColor scale-100 scale-fullWidth\" data-position=\"none\" data-float=\"floatNone\" data-count=\"5\" data-floatcolor=\"#ffffff\" data-emphasize=\"0\">\n<div class=\"nc_tweetContainer totes totesalt\" data-id=\"6\"><span class=\"swp_count\"><span class=\"swp_label\">Partages<\/span> 4<\/span><\/div>\n<\/div>\n<div class=\"mvp-related-posts left relative\">\n<h4 class=\"post-header\"><span class=\"post-header\">Lire aussi<\/span><\/h4>\n<\/div>\n<\/div>\n<p>Auteur: LM<br \/>\n<a href=\"https:\/\/www.tunisienumerique.com\/tunisie-arrestation-du-tresorier-du-courant-democratique-pour-malversation-financiere-et-abus-de-confiance\/\">Cliquez ici pour lire l&rsquo;article depuis sa source.<\/a><\/p>\n","protected":false},"excerpt":{"rendered":"<p>Partages 4 Le tr\u00e9sorier du courant d\u00e9mocratique, Youssef Lemdani a \u00e9t\u00e9 arr\u00eat\u00e9, ce vendredi. Il avait \u00e9t\u00e9 condamn\u00e9 \u00e0 huit ans de prison par le p\u00f4le judiciaire financier du tribunal de premi\u00e8re instance de Tunis, depuis f\u00e9vrier 2018, pour abus de confiance et malversation financi\u00e8re. Partages 4 Lire aussi Auteur: LM Cliquez ici pour lire [&hellip;]<\/p>\n","protected":false},"author":1789,"featured_media":26179,"comment_status":"closed","ping_status":"closed","sticky":false,"template":"","format":"standard","meta":{"fifu_image_url":"","fifu_image_alt":"","footnotes":""},"categories":[73,55],"tags":[],"class_list":["post-26178","post","type-post","status-publish","format-standard","has-post-thumbnail","hentry","category-actualite","category-tunisie"],"_links":{"self":[{"href":"https:\/\/linitiative.ca\/International\/wp-json\/wp\/v2\/posts\/26178","targetHints":{"allow":["GET"]}}],"collection":[{"href":"https:\/\/linitiative.ca\/International\/wp-json\/wp\/v2\/posts"}],"about":[{"href":"https:\/\/linitiative.ca\/International\/wp-json\/wp\/v2\/types\/post"}],"author":[{"embeddable":true,"href":"https:\/\/linitiative.ca\/International\/wp-json\/wp\/v2\/users\/1789"}],"replies":[{"embeddable":true,"href":"https:\/\/linitiative.ca\/International\/wp-json\/wp\/v2\/comments?post=26178"}],"version-history":[{"count":0,"href":"https:\/\/linitiative.ca\/International\/wp-json\/wp\/v2\/posts\/26178\/revisions"}],"wp:featuredmedia":[{"embeddable":true,"href":"https:\/\/linitiative.ca\/International\/wp-json\/"}],"wp:attachment":[{"href":"https:\/\/linitiative.ca\/International\/wp-json\/wp\/v2\/media?parent=26178"}],"wp:term":[{"taxonomy":"category","embeddable":true,"href":"https:\/\/linitiative.ca\/International\/wp-json\/wp\/v2\/categories?post=26178"},{"taxonomy":"post_tag","embeddable":true,"href":"https:\/\/linitiative.ca\/International\/wp-json\/wp\/v2\/tags?post=26178"}],"curies":[{"name":"wp","href":"https:\/\/api.w.org\/{rel}","templated":true}]}}