{"id":26182,"date":"2019-04-05T17:13:04","date_gmt":"2019-04-05T21:13:04","guid":{"rendered":"https:\/\/linitiative.ca\/International\/tunisie-trablesi-nourrit-lespoir-dinstaurer-des-navettes-aeriennes-entre-kerkennah-et-sfax\/"},"modified":"2019-04-05T17:13:04","modified_gmt":"2019-04-05T21:13:04","slug":"tunisie-trablesi-nourrit-lespoir-dinstaurer-des-navettes-aeriennes-entre-kerkennah-et-sfax","status":"publish","type":"post","link":"https:\/\/linitiative.ca\/International\/tunisie-trablesi-nourrit-lespoir-dinstaurer-des-navettes-aeriennes-entre-kerkennah-et-sfax\/","title":{"rendered":"Tunisie \u2013 Trablesi nourrit l\u2019espoir d\u2019instaurer des navettes a\u00e9riennes entre Kerkennah et Sfax"},"content":{"rendered":"<div class=\"post-cont-in left relative\">\n<div class=\"nc_socialPanel swp_flatFresh swp_d_fullColor swp_i_fullColor swp_o_fullColor scale-100 scale-fullWidth\" data-position=\"none\" data-float=\"floatNone\" data-count=\"5\" data-floatcolor=\"#ffffff\" data-emphasize=\"0\">\n<div class=\"nc_tweetContainer totes totesalt\" data-id=\"6\"><span class=\"swp_count\"><span class=\"swp_label\">Partages<\/span> 2<\/span><\/div>\n<\/div>\n<p>Le ministre du tourisme, Ren\u00e9 Trabelsi qui a effectu\u00e9 une visite de travail aux \u00eeles\u00a0 Kerkennah, a fait part de son projet de promouvoir le site comme une destination touristique de choix.<\/p>\n<p>Parmi les projets de Trabelsi pour l\u2019\u00eele, l\u2019instauration de navettes a\u00e9riennes entre Kerkennah et le continent, par l\u2019interm\u00e9diaire de petits avions taxis, pour transporter les touristes de et vers l\u2019\u00eele.<\/p>\n<div class=\"code-block code-block-1 c3\"><ins class=\"adsbygoogle c2\" data-ad-layout=\"in-article\" data-ad-format=\"fluid\" data-ad-client=\"ca-pub-2102118777505746\" data-ad-slot=\"7301775417\"\/> <\/div>\n<div class=\"mvp-org-wrap mvp-org-logo\" itemprop=\"publisher\" itemscope=\"\" itemtype=\"https:\/\/schema.org\/Organization\"><img decoding=\"async\" src=\"https:\/\/www.tunisienumerique.com\/wp-content\/uploads\/2017\/02\/logo_tunisie_numerique.png\"\/><\/div>\n<div class=\"nc_socialPanel swp_flatFresh swp_d_fullColor swp_i_fullColor swp_o_fullColor scale-100 scale-fullWidth\" data-position=\"none\" data-float=\"floatNone\" data-count=\"5\" data-floatcolor=\"#ffffff\" data-emphasize=\"0\">\n<div class=\"nc_tweetContainer totes totesalt\" data-id=\"6\"><span class=\"swp_count\"><span class=\"swp_label\">Partages<\/span> 2<\/span><\/div>\n<\/div>\n<div class=\"mvp-related-posts left relative\">\n<h4 class=\"post-header\"><span class=\"post-header\">Lire aussi<\/span><\/h4>\n<\/div>\n<\/div>\n<p>Auteur: LM<br \/>\n<a href=\"https:\/\/www.tunisienumerique.com\/tunisie-trablesi-nourrit-lespoir-dinstaurer-des-navettes-aeriennes-entre-kerkennah-et-sfax\/\">Cliquez ici pour lire l&rsquo;article depuis sa source.<\/a><\/p>\n","protected":false},"excerpt":{"rendered":"<p>Partages 2 Le ministre du tourisme, Ren\u00e9 Trabelsi qui a effectu\u00e9 une visite de travail aux \u00eeles\u00a0 Kerkennah, a fait part de son projet de promouvoir le site comme une destination touristique de choix. Parmi les projets de Trabelsi pour l\u2019\u00eele, l\u2019instauration de navettes a\u00e9riennes entre Kerkennah et le continent, par l\u2019interm\u00e9diaire de petits avions [&hellip;]<\/p>\n","protected":false},"author":1789,"featured_media":26183,"comment_status":"closed","ping_status":"closed","sticky":false,"template":"","format":"standard","meta":{"fifu_image_url":"","fifu_image_alt":"","footnotes":""},"categories":[73,55],"tags":[],"class_list":["post-26182","post","type-post","status-publish","format-standard","has-post-thumbnail","hentry","category-actualite","category-tunisie"],"_links":{"self":[{"href":"https:\/\/linitiative.ca\/International\/wp-json\/wp\/v2\/posts\/26182","targetHints":{"allow":["GET"]}}],"collection":[{"href":"https:\/\/linitiative.ca\/International\/wp-json\/wp\/v2\/posts"}],"about":[{"href":"https:\/\/linitiative.ca\/International\/wp-json\/wp\/v2\/types\/post"}],"author":[{"embeddable":true,"href":"https:\/\/linitiative.ca\/International\/wp-json\/wp\/v2\/users\/1789"}],"replies":[{"embeddable":true,"href":"https:\/\/linitiative.ca\/International\/wp-json\/wp\/v2\/comments?post=26182"}],"version-history":[{"count":0,"href":"https:\/\/linitiative.ca\/International\/wp-json\/wp\/v2\/posts\/26182\/revisions"}],"wp:featuredmedia":[{"embeddable":true,"href":"https:\/\/linitiative.ca\/International\/wp-json\/"}],"wp:attachment":[{"href":"https:\/\/linitiative.ca\/International\/wp-json\/wp\/v2\/media?parent=26182"}],"wp:term":[{"taxonomy":"category","embeddable":true,"href":"https:\/\/linitiative.ca\/International\/wp-json\/wp\/v2\/categories?post=26182"},{"taxonomy":"post_tag","embeddable":true,"href":"https:\/\/linitiative.ca\/International\/wp-json\/wp\/v2\/tags?post=26182"}],"curies":[{"name":"wp","href":"https:\/\/api.w.org\/{rel}","templated":true}]}}