{"id":26195,"date":"2019-04-04T18:39:46","date_gmt":"2019-04-04T22:39:46","guid":{"rendered":"https:\/\/linitiative.ca\/International\/situation-nationale-les-acteurs-politiques-a-la-recherche-dun-consensus\/"},"modified":"2019-04-04T18:39:46","modified_gmt":"2019-04-04T22:39:46","slug":"situation-nationale-les-acteurs-politiques-a-la-recherche-dun-consensus","status":"publish","type":"post","link":"https:\/\/linitiative.ca\/International\/situation-nationale-les-acteurs-politiques-a-la-recherche-dun-consensus\/","title":{"rendered":"Situation nationale: les acteurs politiques \u00e0 la recherche d\u2019un consensus"},"content":{"rendered":"<div class=\"td-post-featured-image\"><a href=\"https:\/\/i2.wp.com\/www.sidwaya.info\/wp-content\/uploads\/2019\/04\/politique.jpg?fit=787%2C408&#038;ssl=1\" data-caption=\"\"><img loading=\"lazy\" decoding=\"async\" width=\"696\" height=\"361\" class=\"entry-thumb td-modal-image\" src=\"https:\/\/i2.wp.com\/www.sidwaya.info\/wp-content\/uploads\/2019\/04\/politique.jpg?resize=696%2C361&#038;ssl=1\" srcset=\"https:\/\/i2.wp.com\/www.sidwaya.info\/wp-content\/uploads\/2019\/04\/politique.jpg?w=787&#038;ssl=1 787w, https:\/\/i2.wp.com\/www.sidwaya.info\/wp-content\/uploads\/2019\/04\/politique.jpg?resize=300%2C156&#038;ssl=1 300w, https:\/\/i2.wp.com\/www.sidwaya.info\/wp-content\/uploads\/2019\/04\/politique.jpg?resize=768%2C398&#038;ssl=1 768w, https:\/\/i2.wp.com\/www.sidwaya.info\/wp-content\/uploads\/2019\/04\/politique.jpg?resize=696%2C361&#038;ssl=1 696w\" sizes=\"auto, (max-width: 696px) 100vw, 696px\" alt=\"\" title=\"politique\"\/><\/a><\/div>\n<div class=\"td-a-rec td-a-rec-id-content_top td_uid_30_5ca7cc381e45a_rand td_block_template_1\"><img loading=\"lazy\" decoding=\"async\" class=\"aligncenter size-full wp-image-4463\" src=\"https:\/\/www.sidwaya.info\/wp-content\/uploads\/2019\/02\/FESPACO-TOUR-2019-Bannie%CC%80re-728x90-1.jpg\" alt=\"\" width=\"728\" height=\"90\"\/><\/div>\n<p><strong>Le pr\u00e9sident du Faso, Roch Marc Christian Kabor\u00e9, a rencontr\u00e9 successivement des d\u00e9l\u00e9gations du Chef de file de l\u2019opposition politique (CFOP) et de l\u2019Alliance des partis de la majorit\u00e9 pr\u00e9sidentielle (APMP), le jeudi 4 avril 2019 \u00e0 Kosyam.<\/strong><\/p>\n<p>Le rendez-vous annonc\u00e9 par le Premier ministre, Christophe Joseph Marie Dabir\u00e9, en d\u00e9but de semaine, a bien eu lieu. Des d\u00e9l\u00e9gations du Chef de file de l\u2019opposition politique (CFOP) et de l\u2019Alliance des partis de la majorit\u00e9 pr\u00e9sidentielle (APMP) ont \u00e9t\u00e9 re\u00e7ues successivement au palais pr\u00e9sidentiel de Kosyam, le jeudi 4 avril 2019, dans le cadre du dialogue politique. Selon le chef de d\u00e9l\u00e9gation du CFOP, Z\u00e9phirin Diabr\u00e9, le chef de l\u2019Etat, Roch Marc Christian Kabor\u00e9 entend mettre en discussion \u00ab les points rest\u00e9s en suspens \u00e0 l\u2019issue des discussions ant\u00e9rieures\u00bb. Le porte-parole de l\u2019APMP, Cl\u00e9ment Sawadogo a, quant \u00e0 lui, \u00e9voqu\u00e9 la mise en \u0153uvre du r\u00e9f\u00e9rendum constitutionnel ainsi que l\u2019organisation des prochaines \u00e9lections sur lesquelles le pr\u00e9sident du Faso \u00absouhaite obtenir un consensus de l\u2019ensemble des acteurs politiques\u00bb.<\/p>\n<p>Il a pr\u00e9cis\u00e9 que \u00abl\u2019essentiel des dispositions l\u00e9gislatives en la mati\u00e8re ont d\u00e9j\u00e0 \u00e9t\u00e9 adopt\u00e9es\u00bb, mais que le chef de l\u2019Etat a souhait\u00e9 que certaines questions soient davantage affin\u00e9es. L\u2019opposition politique s\u2019est f\u00e9licit\u00e9e de cette d\u00e9marche et du fait que ces questions aient \u00e9t\u00e9 ramen\u00e9es \u00e0 l\u2019ordre du jour. Elle a aussi appr\u00e9ci\u00e9 l\u2019initiative du chef de l\u2019Etat qui permet d\u2019ouvrir des concertations sur des sujets d\u2019int\u00e9r\u00eat national (d\u00e9fi s\u00e9curitaire, r\u00e9conciliation nationale). \u00ab Notre pays traverse des difficult\u00e9s. Pour les affronter, il est bon que l\u2019ensemble de la classe politique puisse, de mani\u00e8re consensuelle, identifier les probl\u00e8mes et s\u2019asseoir pour en discuter \u00bb, a-t-il soutenu. Les rencontres de ce jour ont servi \u00e0 poser les bases des \u00e9changes et des concertations de fond pour les jours \u00e0 venir. Les prochains rendez-vous pourraient se tenir d\u2019ici \u00e0 la fin du mois d\u2019avril, selon certaines sources.<\/p>\n<p>Quelques jours plus t\u00f4t, l\u2019opposition politique, se pronon\u00e7ant dans la perspective de ces rencontres, avait laiss\u00e9 entendre qu\u2019elle ne souhaiterait pas s\u2019engager dans ce qu\u2019elle a appel\u00e9 \u00abde la manipulation politicienne\u00bb, c\u2019est-\u00e0-dire, un \u00abdialogue de fa\u00e7ade\u00bb. La presse n\u2019a cependant pas pu requ\u00e9rir l\u2019avis du porte-parole de l\u2019opposition \u00e0 l\u2019issue de cette premi\u00e8re rencontre avec le pr\u00e9sident du Faso, le CFOP ne s\u2019\u00e9tant pas pr\u00eat\u00e9e \u00e0 ces questions. Toutefois, Z\u00e9phirin Diabr\u00e9 et Cl\u00e9ment Sawadogo ont tous deux exprim\u00e9 leurs compassions aux familles endeuill\u00e9es par des \u00e9v\u00e9nements survenus au cours de la semaine dans les communes rurales de Zoaga et d\u2019Arbinda. \u00abA ce niveau, il y a une responsabilit\u00e9 collective de nous tous et une responsabilit\u00e9 particuli\u00e8re du gouvernement. Nous voulons l\u2019exhorter \u00e0 faire en sorte que l\u2019Etat de droit pr\u00e9vale dans cette situation\u2026S\u2019il y a des comportements r\u00e9pr\u00e9hensibles, il faut qu\u2019ils soient fermement punis par la loi. C\u2019est ainsi qu\u2019on aura la chance de ne pas voir cela se r\u00e9p\u00e9ter\u00bb, a, pour sa part, comment\u00e9 M. Diabr\u00e9.<\/p>\n<p>Fab\u00e9 Mamadou OUATTARA<\/p>\n<div class=\"td-a-rec td-a-rec-id-content_bottom td_uid_31_5ca7cc381e6f0_rand td_block_template_1\"><img loading=\"lazy\" decoding=\"async\" class=\"alignright size-full wp-image-1724\" src=\"https:\/\/www.sidwaya.info\/wp-content\/uploads\/2018\/12\/sidwaya-pub.jpg\" alt=\"\" width=\"720\" height=\"90\"\/><\/div>\n<p>Auteur: BM. Sidwaya<br \/>\n<a href=\"https:\/\/www.sidwaya.info\/blog\/2019\/04\/04\/situation-nationale-les-acteurs-politiques-a-la-recherche-dun-consensus\/\">Cliquez ici pour lire l&rsquo;article depuis sa source.<\/a><\/p>\n","protected":false},"excerpt":{"rendered":"<p>Le pr\u00e9sident du Faso, Roch Marc Christian Kabor\u00e9, a rencontr\u00e9 successivement des d\u00e9l\u00e9gations du Chef de file de l\u2019opposition politique (CFOP) et de l\u2019Alliance des partis de la majorit\u00e9 pr\u00e9sidentielle (APMP), le jeudi 4 avril 2019 \u00e0 Kosyam. Le rendez-vous annonc\u00e9 par le Premier ministre, Christophe Joseph Marie Dabir\u00e9, en d\u00e9but de semaine, a bien [&hellip;]<\/p>\n","protected":false},"author":1816,"featured_media":0,"comment_status":"closed","ping_status":"closed","sticky":false,"template":"","format":"standard","meta":{"fifu_image_url":"","fifu_image_alt":"","footnotes":""},"categories":[73,81],"tags":[],"class_list":["post-26195","post","type-post","status-publish","format-standard","hentry","category-actualite","category-burkina-faso"],"_links":{"self":[{"href":"https:\/\/linitiative.ca\/International\/wp-json\/wp\/v2\/posts\/26195","targetHints":{"allow":["GET"]}}],"collection":[{"href":"https:\/\/linitiative.ca\/International\/wp-json\/wp\/v2\/posts"}],"about":[{"href":"https:\/\/linitiative.ca\/International\/wp-json\/wp\/v2\/types\/post"}],"author":[{"embeddable":true,"href":"https:\/\/linitiative.ca\/International\/wp-json\/wp\/v2\/users\/1816"}],"replies":[{"embeddable":true,"href":"https:\/\/linitiative.ca\/International\/wp-json\/wp\/v2\/comments?post=26195"}],"version-history":[{"count":0,"href":"https:\/\/linitiative.ca\/International\/wp-json\/wp\/v2\/posts\/26195\/revisions"}],"wp:attachment":[{"href":"https:\/\/linitiative.ca\/International\/wp-json\/wp\/v2\/media?parent=26195"}],"wp:term":[{"taxonomy":"category","embeddable":true,"href":"https:\/\/linitiative.ca\/International\/wp-json\/wp\/v2\/categories?post=26195"},{"taxonomy":"post_tag","embeddable":true,"href":"https:\/\/linitiative.ca\/International\/wp-json\/wp\/v2\/tags?post=26195"}],"curies":[{"name":"wp","href":"https:\/\/api.w.org\/{rel}","templated":true}]}}