{"id":26196,"date":"2019-04-04T18:44:02","date_gmt":"2019-04-04T22:44:02","guid":{"rendered":"https:\/\/linitiative.ca\/International\/nous-avons-espoir-de-retrouver-ceux-qui-sont-enleves-ministre-simeon-sawadogo\/"},"modified":"2019-04-04T18:44:02","modified_gmt":"2019-04-04T22:44:02","slug":"nous-avons-espoir-de-retrouver-ceux-qui-sont-enleves-ministre-simeon-sawadogo","status":"publish","type":"post","link":"https:\/\/linitiative.ca\/International\/nous-avons-espoir-de-retrouver-ceux-qui-sont-enleves-ministre-simeon-sawadogo\/","title":{"rendered":"\u00abNous avons espoir de retrouver ceux qui sont enlev\u00e9s\u00bb, ministre Sim\u00e9on Sawadogo"},"content":{"rendered":"<div class=\"td-post-featured-image\"><a href=\"https:\/\/i1.wp.com\/www.sidwaya.info\/wp-content\/uploads\/2019\/04\/ministresimeon.jpg?fit=787%2C590&#038;ssl=1\" data-caption=\"\"><img loading=\"lazy\" decoding=\"async\" width=\"696\" height=\"522\" class=\"entry-thumb td-modal-image\" src=\"https:\/\/i1.wp.com\/www.sidwaya.info\/wp-content\/uploads\/2019\/04\/ministresimeon.jpg?resize=696%2C522&#038;ssl=1\" srcset=\"https:\/\/i1.wp.com\/www.sidwaya.info\/wp-content\/uploads\/2019\/04\/ministresimeon.jpg?w=787&#038;ssl=1 787w, https:\/\/i1.wp.com\/www.sidwaya.info\/wp-content\/uploads\/2019\/04\/ministresimeon.jpg?resize=300%2C225&#038;ssl=1 300w, https:\/\/i1.wp.com\/www.sidwaya.info\/wp-content\/uploads\/2019\/04\/ministresimeon.jpg?resize=768%2C576&#038;ssl=1 768w, https:\/\/i1.wp.com\/www.sidwaya.info\/wp-content\/uploads\/2019\/04\/ministresimeon.jpg?resize=80%2C60&#038;ssl=1 80w, https:\/\/i1.wp.com\/www.sidwaya.info\/wp-content\/uploads\/2019\/04\/ministresimeon.jpg?resize=265%2C198&#038;ssl=1 265w, https:\/\/i1.wp.com\/www.sidwaya.info\/wp-content\/uploads\/2019\/04\/ministresimeon.jpg?resize=696%2C522&#038;ssl=1 696w, https:\/\/i1.wp.com\/www.sidwaya.info\/wp-content\/uploads\/2019\/04\/ministresimeon.jpg?resize=560%2C420&#038;ssl=1 560w\" sizes=\"auto, (max-width: 696px) 100vw, 696px\" alt=\"\" title=\"ministresimeon\"\/><\/a><\/div>\n<div class=\"td-a-rec td-a-rec-id-content_top td_uid_30_5ca7cc3ad3402_rand td_block_template_1\"><img loading=\"lazy\" decoding=\"async\" class=\"aligncenter size-full wp-image-4463\" src=\"https:\/\/www.sidwaya.info\/wp-content\/uploads\/2019\/02\/FESPACO-TOUR-2019-Bannie%CC%80re-728x90-1.jpg\" alt=\"\" width=\"728\" height=\"90\"\/><\/div>\n<p>Apr\u00e8s les affrontements meurtriers survenus \u00e0 Arbinda, dans la r\u00e9gion du Sahel, le 1er avril 2019, suivis de la visite d\u2019une d\u00e9l\u00e9gation gouvernementale, le ministre d\u2019Etat, ministre de l\u2019Administration territoriale et de la D\u00e9centralisation, Sim\u00e9on Sawadogo, revient sur certains aspects, \u00e0 travers cette interview.<\/p>\n<p>Sidwaya (S) : Quelle est la cause r\u00e9elle du drame qui s\u2019est produit \u00e0 Arbinda le 1er avril dernier, ayant fait une soixantaine de morts ?<\/p>\n<p>Sim\u00e9on Sawadogo (S.S.) : Apr\u00e8s l\u2019assassinat du Cheik, de son premier fils et d\u2019un de ses cousins, suivi de leur enterrement, la population a manifest\u00e9 sa col\u00e8re parce que cette zone \u00e9tait d\u00e9j\u00e0 en proie \u00e0 des enl\u00e8vements. Ces meurtres ont \u00e9t\u00e9 la goutte d\u2019eau qui a fait d\u00e9border le vase. Comme le dit un adage : \u00abquand vous \u00eates deux et que l\u2019un de vous re\u00e7oit une gifle, syst\u00e9matiquement la tendance est d\u2019accuser celui qui est assis avec vous\u00bb. C\u2019est-\u00e0-dire qu\u2019apr\u00e8s l\u2019assassinat du Cheik, une communaut\u00e9 a \u00e9t\u00e9 accus\u00e9e d\u2019en \u00eatre la responsable. Ce qui a engendr\u00e9 des repr\u00e9sailles de part et d\u2019autre. C\u2019est une situation similaire \u00e0 celle de Yirgou. Les terroristes sont aussi entr\u00e9s dans le jeu en proc\u00e9dant \u00e0 des enl\u00e8vements et assassinats. Ce qui fait que le bilan que nous d\u00e9plorons est tr\u00e8s lourd : 62 morts et 9 personnes enlev\u00e9es. Parmi les morts, 30 ont \u00e9t\u00e9 victimes des repr\u00e9sailles et les 32 autres ont \u00e9t\u00e9 assassin\u00e9s par les terroristes. Nous ne pouvons pas dire que le bilan est d\u00e9finitif parce que les recherches se poursuivent. Il faut noter qu\u2019\u00e0 Arbinda, il y a des Fouls\u00e9 appel\u00e9s encore Couroumba, des Peulhs, des Moos\u00e9 et des Sonrha\u00ef sans oublier d\u2019autres communaut\u00e9s minoritaires. Dans ce contexte, personne ne faisait confiance \u00e0 l\u2019autre. Et c\u2019est cette situation de psychose que nous y avons trouv\u00e9e. Une grande partie des d\u00e9plac\u00e9s se trouvait \u00e0 la mairie et d\u2019autres, notamment la communaut\u00e9 peuhle au commissariat de police. Nous avons appel\u00e9 l\u2019imam et le chef du village \u00e0 pr\u00f4ner l\u2019apaisement, la paix et le bon vivre-ensemble. Nous leur avons dit que ces repr\u00e9sailles sont le d\u00e9sir des terroristes, et par cons\u00e9quent un pi\u00e8ge \u00e0 \u00e9viter.<\/p>\n<p>S. : D\u2019aucuns disent que la r\u00e9action du gouvernement a \u00e9t\u00e9 tardive, voire laxiste. Que leur r\u00e9pondez-vous ?<\/p>\n<p>S. S. : Le lendemain du drame, sur instruction du pr\u00e9sident du Faso et du Premier ministre, le ministre de la D\u00e9fense et moi-m\u00eame nous nous sommes rendus sur les lieux par la route, accompagn\u00e9s d\u2019une forte d\u00e9l\u00e9gation. Une voie difficilement praticable, compte tenu de l\u2019ins\u00e9curit\u00e9. Dire qu\u2019il n\u2019y a pas eu de r\u00e9action, c\u2019est \u00eatre de mauvaise foi. Par ailleurs, nous avons pratiquement quadrupl\u00e9 les effectifs des Forces de d\u00e9fense et de s\u00e9curit\u00e9 (FDS) \u00e0 Arbinda. Toute la ville et ses environs ont \u00e9t\u00e9 s\u00e9curis\u00e9s. C\u2019est donc une r\u00e9action s\u00e9rieuse et louable du gouvernement qu\u2019il faut appr\u00e9cier \u00e0 sa juste valeur sans prise de position partisane ou politicienne. L\u2019Etat a envoy\u00e9 deux camions charg\u00e9s de vivres, de nattes, d\u2019eau\u2026 le 4 avril pour les populations touch\u00e9es.<\/p>\n<p>S. : Le gouvernement aurait eu des alertes sans avoir rien fait. Est-ce exact ?<br \/>S. S. : C\u2019est une zone d\u2019ins\u00e9curit\u00e9. Nous savons que des gens y ont \u00e9t\u00e9 victimes d\u2019assassinats et d\u2019enl\u00e8vements avant le cheik. Mais, on ne peut pas dire que nous avons eu des alertes particuli\u00e8res qui n\u2019ont pas \u00e9t\u00e9 prises en compte. Ce sont des all\u00e9gations que le gouvernement ne peut pas admettre. Ce n\u2019est pas vrai. Ce n\u2019est pas s\u00e9rieux comme perception. Les mesures s\u00e9curitaires adopt\u00e9es par le gouvernement ne peuvent pas \u00eatre d\u00e9voil\u00e9es publiquement.<\/p>\n<p>S : Des actions sont-elles entreprises pour que les populations d\u00e9plac\u00e9es retrouvent au plus vite leurs localit\u00e9s respectives ?<\/p>\n<p>S. S. : Evidemment ! Des populations se sont d\u00e9plac\u00e9es parce qu\u2019il y a l\u2019ins\u00e9curit\u00e9. Le gouvernement va prendre les mesures idoines pour s\u00e9curiser la zone.<\/p>\n<p>S : Y a-t-il des chances de mettre le grappin sur les auteurs de ces tueries \u00e0 Arbinda ?<br \/>S. S. : Oui ! Il y a de fortes chances. Cependant le travail pr\u00e9alable est de prot\u00e9ger la population contre ces bandes arm\u00e9es qui s\u00e9vissent pour des raisons diverses. Il y a des djihadistes, des extr\u00e9mistes et des gens aux moralit\u00e9s douteuses qui pensent qu\u2019ils peuvent s\u2019accaparer de la richesse de la zone.<\/p>\n<p>S : Les assassinats de Zoaga dans le Centre-Est sont-ils le fait de terroriste ou celui de conflit entre populations?<\/p>\n<p>S.S. : Le cas de Zoaga est assez particulier. Moi-m\u00eame j\u2019y ai \u00e9t\u00e9 l\u2019an dernier apr\u00e8s des rixes qui avaient occasionn\u00e9 des morts. Des populations affirment que c\u2019est un conflit li\u00e9 \u00e0 la chefferie. En m\u00eame temps, il y a des comportements partisans. C\u2019est un probl\u00e8me politico-coutumier o\u00f9 personne n\u2019a voulu demander pardon. Tout le monde est dans la surench\u00e8re. Nous avions re\u00e7u \u00e0 l\u2019\u00e9poque l\u2019assurance que ce qui \u00e9tait arriv\u00e9 ne se reproduirait plus. Mais il y a une partie de la population qui avait migr\u00e9 de l\u2019autre c\u00f4t\u00e9 de la fronti\u00e8re, au Ghana, notamment ceux qui avaient \u00e9t\u00e9 soup\u00e7onn\u00e9s d\u2019avoir commis le forfait. De ce fait, les possibilit\u00e9s de repr\u00e9sailles existaient. Des mesures avaient \u00e9t\u00e9 prises mais n\u2019ont pas pu emp\u00eacher ce qui est arriv\u00e9.<\/p>\n<p>S : Quel message \u00e0 l\u2019endroit des familles qui sont dans la douleur pr\u00e9sentement ?<\/p>\n<p>S. S. : Le gouvernement pr\u00e9sente ses condol\u00e9ances les plus attrist\u00e9es aux populations de Zoaga et de Arbinda et leur demande de rester soud\u00e9es et de croire en la capacit\u00e9 du Burkina Faso \u00e0 sortir de cette situation.<br \/>Il souhaite prompt r\u00e9tablissement aux bless\u00e9s. Nous avons espoir de retrouver vivants ceux qui sont enlev\u00e9s. Nous allons fournir les efforts n\u00e9cessaires pour y arriver.<\/p>\n<p>Interview r\u00e9alis\u00e9e<br \/>par Daniel ZONGO<\/p>\n<div class=\"td-a-rec td-a-rec-id-content_bottom td_uid_31_5ca7cc3ad368a_rand td_block_template_1\"><img loading=\"lazy\" decoding=\"async\" class=\"alignright size-full wp-image-1724\" src=\"https:\/\/www.sidwaya.info\/wp-content\/uploads\/2018\/12\/sidwaya-pub.jpg\" alt=\"\" width=\"720\" height=\"90\"\/><\/div>\n<p>Auteur: BM. Sidwaya<br \/>\n<a href=\"https:\/\/www.sidwaya.info\/blog\/2019\/04\/04\/nous-avons-espoir-de-retrouver-ceux-qui-sont-enleves-ministre-simeon-sawadogo\/\">Cliquez ici pour lire l&rsquo;article depuis sa source.<\/a><\/p>\n","protected":false},"excerpt":{"rendered":"<p>Apr\u00e8s les affrontements meurtriers survenus \u00e0 Arbinda, dans la r\u00e9gion du Sahel, le 1er avril 2019, suivis de la visite d\u2019une d\u00e9l\u00e9gation gouvernementale, le ministre d\u2019Etat, ministre de l\u2019Administration territoriale et de la D\u00e9centralisation, Sim\u00e9on Sawadogo, revient sur certains aspects, \u00e0 travers cette interview. Sidwaya (S) : Quelle est la cause r\u00e9elle du drame qui [&hellip;]<\/p>\n","protected":false},"author":1816,"featured_media":0,"comment_status":"closed","ping_status":"closed","sticky":false,"template":"","format":"standard","meta":{"fifu_image_url":"","fifu_image_alt":"","footnotes":""},"categories":[73,81],"tags":[],"class_list":["post-26196","post","type-post","status-publish","format-standard","hentry","category-actualite","category-burkina-faso"],"_links":{"self":[{"href":"https:\/\/linitiative.ca\/International\/wp-json\/wp\/v2\/posts\/26196","targetHints":{"allow":["GET"]}}],"collection":[{"href":"https:\/\/linitiative.ca\/International\/wp-json\/wp\/v2\/posts"}],"about":[{"href":"https:\/\/linitiative.ca\/International\/wp-json\/wp\/v2\/types\/post"}],"author":[{"embeddable":true,"href":"https:\/\/linitiative.ca\/International\/wp-json\/wp\/v2\/users\/1816"}],"replies":[{"embeddable":true,"href":"https:\/\/linitiative.ca\/International\/wp-json\/wp\/v2\/comments?post=26196"}],"version-history":[{"count":0,"href":"https:\/\/linitiative.ca\/International\/wp-json\/wp\/v2\/posts\/26196\/revisions"}],"wp:attachment":[{"href":"https:\/\/linitiative.ca\/International\/wp-json\/wp\/v2\/media?parent=26196"}],"wp:term":[{"taxonomy":"category","embeddable":true,"href":"https:\/\/linitiative.ca\/International\/wp-json\/wp\/v2\/categories?post=26196"},{"taxonomy":"post_tag","embeddable":true,"href":"https:\/\/linitiative.ca\/International\/wp-json\/wp\/v2\/tags?post=26196"}],"curies":[{"name":"wp","href":"https:\/\/api.w.org\/{rel}","templated":true}]}}