{"id":26199,"date":"2019-04-04T18:58:14","date_gmt":"2019-04-04T22:58:14","guid":{"rendered":"https:\/\/linitiative.ca\/International\/africallia-2019-le-forum-presente-aux-chefs-dentreprises-burkinabe\/"},"modified":"2019-04-04T18:58:14","modified_gmt":"2019-04-04T22:58:14","slug":"africallia-2019-le-forum-presente-aux-chefs-dentreprises-burkinabe","status":"publish","type":"post","link":"https:\/\/linitiative.ca\/International\/africallia-2019-le-forum-presente-aux-chefs-dentreprises-burkinabe\/","title":{"rendered":"AFRICALLIA 2019 Le forum pr\u00e9sent\u00e9 aux chefs d\u2019entreprises burkinab\u00e8"},"content":{"rendered":"<div class=\"td-post-featured-image\"><a href=\"https:\/\/i2.wp.com\/www.sidwaya.info\/wp-content\/uploads\/2019\/04\/Africalia.jpg?fit=787%2C524&#038;ssl=1\" data-caption=\"\"><img loading=\"lazy\" decoding=\"async\" width=\"696\" height=\"463\" class=\"entry-thumb td-modal-image\" src=\"https:\/\/i2.wp.com\/www.sidwaya.info\/wp-content\/uploads\/2019\/04\/Africalia.jpg?resize=696%2C463&#038;ssl=1\" srcset=\"https:\/\/i2.wp.com\/www.sidwaya.info\/wp-content\/uploads\/2019\/04\/Africalia.jpg?w=787&#038;ssl=1 787w, https:\/\/i2.wp.com\/www.sidwaya.info\/wp-content\/uploads\/2019\/04\/Africalia.jpg?resize=300%2C200&#038;ssl=1 300w, https:\/\/i2.wp.com\/www.sidwaya.info\/wp-content\/uploads\/2019\/04\/Africalia.jpg?resize=768%2C511&#038;ssl=1 768w, https:\/\/i2.wp.com\/www.sidwaya.info\/wp-content\/uploads\/2019\/04\/Africalia.jpg?resize=696%2C463&#038;ssl=1 696w, https:\/\/i2.wp.com\/www.sidwaya.info\/wp-content\/uploads\/2019\/04\/Africalia.jpg?resize=631%2C420&#038;ssl=1 631w\" sizes=\"auto, (max-width: 696px) 100vw, 696px\" alt=\"\" title=\"Africalia\"\/><\/a><\/div>\n<div class=\"td-a-rec td-a-rec-id-content_top td_uid_30_5ca7cc437f8e3_rand td_block_template_1\"><img loading=\"lazy\" decoding=\"async\" class=\"aligncenter size-full wp-image-4463\" src=\"https:\/\/www.sidwaya.info\/wp-content\/uploads\/2019\/02\/FESPACO-TOUR-2019-Bannie%CC%80re-728x90-1.jpg\" alt=\"\" width=\"728\" height=\"90\"\/><\/div>\n<p><strong>La Chambre de commerce et d\u2019industrie du Burkina Faso a organis\u00e9, le jeudi 4 avril 2019 \u00e0 Ouagadougou, une rencontre d\u2019\u00e9changes avec les chefs d\u2019entreprises, sur le forum ouest africain de d\u00e9veloppement des entreprises, d\u00e9nomm\u00e9 Africallia.<\/strong><\/p>\n<p>Dans le but de susciter une forte participation des hommes d\u2019affaires au 6e Forum ouest africain de d\u00e9veloppement des entreprises (Africallia) qui aura lieu, du 12 au 14 juin 2019, \u00e0 Abidjan en C\u00f4te d\u2019Ivoire, la Chambre de commerce et d\u2019industrie du Burkina Faso (CCI-BF) sensibilise les chefs d\u2019entreprises. Lors d\u2019une rencontre, tenue le jeudi 4 avril 2019 \u00e0 Ouagadougou, les modalit\u00e9s de participation et les activit\u00e9s du forum ont \u00e9t\u00e9 pr\u00e9sent\u00e9es aux entrepreneurs qui souhaitent y prendre part. \u00abL\u2019objectif est de pr\u00e9senter le forum 2019 comme un cadre qui permet une mise en relation des hommes d\u2019affaires.<\/p>\n<p>Il a \u00e9t\u00e9 cr\u00e9\u00e9 par la chambre de commerce pour permettre, d\u2019une part, aux entreprises de l\u2019Afrique de l\u2019Ouest de tisser des partenariats et, d\u2019autre part, leur permettre de rencontrer leurs homologues du reste du monde\u00bb, a expliqu\u00e9 le secr\u00e9taire permanent de Africallia, F\u00e9lix Sanon. Il a pr\u00e9cis\u00e9 qu\u2019\u00e0 cette \u00e9dition, plus de 500 chefs d\u2019entreprises venant d\u2019une vingtaine de pays sont attendus dans la capitale \u00e9conomique ivoirienne et chaque participant aura au maximum 15 rendez-vous d\u2019affaires. Pour ce qui est des frais de participation, F\u00e9lix Sanon a fait savoir qu\u2019ils s\u2019\u00e9l\u00e8vent \u00e0 260\u00a0000 F CFA pour le premier participant d\u2019une entreprise et 150 000 F CFA pour le deuxi\u00e8me pour le m\u00eame planning de rendez-vous.<\/p>\n<p>Par ailleurs, a-t-il soulign\u00e9, les femmes et les jeunes de moins de 35 ans, chefs d\u2019entreprises payeront 200\u00a0000 F CFA. \u00abA sa cr\u00e9ation, les autorit\u00e9s de la CCI-BF avaient d\u00e9cid\u00e9 qu\u2019apr\u00e8s quelques ann\u00e9es au Burkina Faso, le forum sera tournant dans la sous-r\u00e9gion. C\u2019est ainsi que dans le cadre du Trait\u00e9 d\u2019amiti\u00e9 et de coop\u00e9ration (TAC), les chambres de commerce des deux pays ont d\u00e9cid\u00e9 de l\u2019organiser cette ann\u00e9e \u00e0 Abidjan\u00bb, a soutenu le secr\u00e9taire permanent de Africallia. Abdoul Aziz Ou\u00e9draogo, directeur de Burkina R\u00e9gulation. Il a salu\u00e9 l\u2019initiative qui lui a permis de d\u00e9couvrir que le forum est une r\u00e9elle opportunit\u00e9 pour d\u00e9tecter des partenaires et contribuer \u00e0 faciliter la r\u00e9alisation des affaires. \u00abNous \u0153uvrons dans la production, le secours, la protection \u00e9lectrique et la s\u00e9curit\u00e9 d\u2019entreprise. Nous attendons donc, de cette \u00e9dition, des d\u00e9couvertes de fournisseurs qui nous permettront d\u2019\u00eatre comp\u00e9titifs et d\u2019offrir le meilleur service \u00e0 nos clients\u00bb, a laiss\u00e9 entendre M. Ou\u00e9draogo qui participera pour la 1re fois \u00e0 Africallia.<\/p>\n<p>Joseph HARO<\/p>\n<div class=\"td-a-rec td-a-rec-id-content_bottom td_uid_31_5ca7cc437fb69_rand td_block_template_1\"><img loading=\"lazy\" decoding=\"async\" class=\"alignright size-full wp-image-1724\" src=\"https:\/\/www.sidwaya.info\/wp-content\/uploads\/2018\/12\/sidwaya-pub.jpg\" alt=\"\" width=\"720\" height=\"90\"\/><\/div>\n<p>Auteur: BM. Sidwaya<br \/>\n<a href=\"https:\/\/www.sidwaya.info\/blog\/2019\/04\/04\/africallia-2019-le-forum-presente-aux-chefs-dentreprises-burkinabe\/\">Cliquez ici pour lire l&rsquo;article depuis sa source.<\/a><\/p>\n","protected":false},"excerpt":{"rendered":"<p>La Chambre de commerce et d\u2019industrie du Burkina Faso a organis\u00e9, le jeudi 4 avril 2019 \u00e0 Ouagadougou, une rencontre d\u2019\u00e9changes avec les chefs d\u2019entreprises, sur le forum ouest africain de d\u00e9veloppement des entreprises, d\u00e9nomm\u00e9 Africallia. Dans le but de susciter une forte participation des hommes d\u2019affaires au 6e Forum ouest africain de d\u00e9veloppement des [&hellip;]<\/p>\n","protected":false},"author":1816,"featured_media":0,"comment_status":"closed","ping_status":"closed","sticky":false,"template":"","format":"standard","meta":{"fifu_image_url":"","fifu_image_alt":"","footnotes":""},"categories":[73,81],"tags":[],"class_list":["post-26199","post","type-post","status-publish","format-standard","hentry","category-actualite","category-burkina-faso"],"_links":{"self":[{"href":"https:\/\/linitiative.ca\/International\/wp-json\/wp\/v2\/posts\/26199","targetHints":{"allow":["GET"]}}],"collection":[{"href":"https:\/\/linitiative.ca\/International\/wp-json\/wp\/v2\/posts"}],"about":[{"href":"https:\/\/linitiative.ca\/International\/wp-json\/wp\/v2\/types\/post"}],"author":[{"embeddable":true,"href":"https:\/\/linitiative.ca\/International\/wp-json\/wp\/v2\/users\/1816"}],"replies":[{"embeddable":true,"href":"https:\/\/linitiative.ca\/International\/wp-json\/wp\/v2\/comments?post=26199"}],"version-history":[{"count":0,"href":"https:\/\/linitiative.ca\/International\/wp-json\/wp\/v2\/posts\/26199\/revisions"}],"wp:attachment":[{"href":"https:\/\/linitiative.ca\/International\/wp-json\/wp\/v2\/media?parent=26199"}],"wp:term":[{"taxonomy":"category","embeddable":true,"href":"https:\/\/linitiative.ca\/International\/wp-json\/wp\/v2\/categories?post=26199"},{"taxonomy":"post_tag","embeddable":true,"href":"https:\/\/linitiative.ca\/International\/wp-json\/wp\/v2\/tags?post=26199"}],"curies":[{"name":"wp","href":"https:\/\/api.w.org\/{rel}","templated":true}]}}