{"id":26207,"date":"2019-04-05T15:00:00","date_gmt":"2019-04-05T19:00:00","guid":{"rendered":"https:\/\/linitiative.ca\/International\/boko-haram-lenrolement-des-jeunes-un-imperatif-de-lutte-pour-le-cameroun\/"},"modified":"2019-04-05T15:00:00","modified_gmt":"2019-04-05T19:00:00","slug":"boko-haram-lenrolement-des-jeunes-un-imperatif-de-lutte-pour-le-cameroun","status":"publish","type":"post","link":"https:\/\/linitiative.ca\/International\/boko-haram-lenrolement-des-jeunes-un-imperatif-de-lutte-pour-le-cameroun\/","title":{"rendered":"Boko Haram : l\u2019enr\u00f4lement des jeunes, un imp\u00e9ratif de lutte pour le Cameroun"},"content":{"rendered":"<div readability=\"32\">\n<p>Publi\u00e9 le 05.04.2019 \u00e0 20h00 par nadine laure guepi kenfack<\/p>\n<\/div>\n<div readability=\"64\">\n<p class=\"c2\"><em>La secte nig\u00e9riane Boko Haram a d\u00e9but\u00e9 ses exactions au Cameroun en 2014. Elle agit dans la r\u00e9gion de l\u2019Extr\u00eame-Nord o\u00f9 les jeunes, en grande partie d\u00e9soeuvr\u00e9s, constituent une cible privil\u00e9gi\u00e9e pour les recrutements.<\/em><\/p>\n<p class=\"c2\">Extr\u00eame. Le vocable d\u00e9signe avec justesse l\u2019Extr\u00eame-Nord Cameroun o\u00f9 s\u00e8cheresse et pluviom\u00e9trie abondantes se relaient avec force dans l\u2019environnement, laissant tr\u00e8s souvent des populations d\u00e9sempar\u00e9es et sinistr\u00e9es.<\/p>\n<p class=\"c2\">Les malheurs ne s\u2019arr\u00eatent pas l\u00e0 dans la r\u00e9gion de l\u2019Extr\u00eame-Nord. La secte islamiste Boko Haram y op\u00e8re depuis 2014, paralysant l\u2019\u00e9conomie locale et augmentant ainsi la pauvret\u00e9 au-del\u00e0 des localit\u00e9s ou ses membres m\u00e8nent des attentats. Le gouvernement craint l\u2019enr\u00f4lement des jeunes. Personne ne r\u00e9siste \u00e0 l\u2019instinct de survie. Hommes ou femmes, la tentation est grande.<\/p>\n<p><ins data-revive-zoneid=\"9\" data-revive-id=\"10111e19d28d19d031742ee3b0b33eb0\"\/> <\/p>\n<p class=\"c2\">Pour r\u00e9sorber ce probl\u00e8me, le gouvernement camerounais, \u00e0 travers le PNDP a initi\u00e9 l\u2019op\u00e9ration Haute intensit\u00e9 de main d\u2019\u0153uvre (Himo) dans la r\u00e9gion de l\u2019Extr\u00eame-Nord. Elle est men\u00e9e avec l\u2019appui de l\u2019Agence fran\u00e7aise de d\u00e9veloppement dans le cadre du C2D (contrat de d\u00e9sendettement et de d\u00e9veloppement). La deuxi\u00e8me phase en cours dans 20 communes de l\u2019Extr\u00eame-Nord a b\u00e9n\u00e9fici\u00e9 d\u2019un financement de 6,6 milliards de Francs CFA du Fonds fudiciaire d\u2019urgence de l\u2019Union europ\u00e9enne. Objectifs\u00a0: fournir de l\u2019emploi \u00e0 quelques\u00a0 3\u00a0500 jeunes et d\u2019en ins\u00e9rer 2\u00a0500 gr\u00e2ce \u00e0 l\u2019entrepreneuriat.<\/p>\n<p class=\"c2\">Dans le d\u00e9tail, il est question pour cette phase de mener des projets de d\u00e9veloppement dans 20 communes de l\u2019Extr\u00eame-Nord en utilisant la main\u00a0 d\u2019\u0153uvre locale. Les jeunes ainsi employ\u00e9s peuvent, au terme des chantiers, cr\u00e9er des activit\u00e9s gr\u00e2ce aux retenues effectu\u00e9es sur leur paye journali\u00e8re. Soit 1000 Francs d\u2019\u00e9pargne pour 3000 Francs de salaire journalier.<\/p>\n<\/div>\n<p>Auteur: nadine laure guepi kenfack<br \/>\n<a href=\"https:\/\/www.journalducameroun.com\/fr\/boko-haram-lenrolement-des-jeunes-un-imperatif-de-lutte-pour-le-cameroun\/\">Cliquez ici pour lire l&rsquo;article depuis sa source.<\/a><\/p>\n","protected":false},"excerpt":{"rendered":"<p>Publi\u00e9 le 05.04.2019 \u00e0 20h00 par nadine laure guepi kenfack La secte nig\u00e9riane Boko Haram a d\u00e9but\u00e9 ses exactions au Cameroun en 2014. Elle agit dans la r\u00e9gion de l\u2019Extr\u00eame-Nord o\u00f9 les jeunes, en grande partie d\u00e9soeuvr\u00e9s, constituent une cible privil\u00e9gi\u00e9e pour les recrutements. Extr\u00eame. Le vocable d\u00e9signe avec justesse l\u2019Extr\u00eame-Nord Cameroun o\u00f9 s\u00e8cheresse et [&hellip;]<\/p>\n","protected":false},"author":1965,"featured_media":0,"comment_status":"closed","ping_status":"closed","sticky":false,"template":"","format":"standard","meta":{"fifu_image_url":"","fifu_image_alt":"","footnotes":""},"categories":[73,82],"tags":[],"class_list":["post-26207","post","type-post","status-publish","format-standard","hentry","category-actualite","category-cameroun"],"_links":{"self":[{"href":"https:\/\/linitiative.ca\/International\/wp-json\/wp\/v2\/posts\/26207","targetHints":{"allow":["GET"]}}],"collection":[{"href":"https:\/\/linitiative.ca\/International\/wp-json\/wp\/v2\/posts"}],"about":[{"href":"https:\/\/linitiative.ca\/International\/wp-json\/wp\/v2\/types\/post"}],"author":[{"embeddable":true,"href":"https:\/\/linitiative.ca\/International\/wp-json\/wp\/v2\/users\/1965"}],"replies":[{"embeddable":true,"href":"https:\/\/linitiative.ca\/International\/wp-json\/wp\/v2\/comments?post=26207"}],"version-history":[{"count":0,"href":"https:\/\/linitiative.ca\/International\/wp-json\/wp\/v2\/posts\/26207\/revisions"}],"wp:attachment":[{"href":"https:\/\/linitiative.ca\/International\/wp-json\/wp\/v2\/media?parent=26207"}],"wp:term":[{"taxonomy":"category","embeddable":true,"href":"https:\/\/linitiative.ca\/International\/wp-json\/wp\/v2\/categories?post=26207"},{"taxonomy":"post_tag","embeddable":true,"href":"https:\/\/linitiative.ca\/International\/wp-json\/wp\/v2\/tags?post=26207"}],"curies":[{"name":"wp","href":"https:\/\/api.w.org\/{rel}","templated":true}]}}