{"id":26208,"date":"2019-04-05T15:18:06","date_gmt":"2019-04-05T19:18:06","guid":{"rendered":"https:\/\/linitiative.ca\/International\/la-guinee-pourrait-depasser-6-de-croissance-en-2019-parlementaire\/"},"modified":"2019-04-05T15:18:06","modified_gmt":"2019-04-05T19:18:06","slug":"la-guinee-pourrait-depasser-6-de-croissance-en-2019-parlementaire","status":"publish","type":"post","link":"https:\/\/linitiative.ca\/International\/la-guinee-pourrait-depasser-6-de-croissance-en-2019-parlementaire\/","title":{"rendered":"La Guin\u00e9e pourrait d\u00e9passer 6% de croissance en 2019 (Parlementaire)"},"content":{"rendered":"<div readability=\"32\">\n<p>Publi\u00e9 le 05.04.2019 \u00e0 20h18 par APA News<\/p>\n<\/div>\n<div readability=\"55\">\n<p>Le pr\u00e9sident de l\u2019Assembl\u00e9e nationale guin\u00e9enne, Kory Kondiano a d\u00e9clar\u00e9, vendredi au cours de l\u2019ouverture de la session ordinaire des lois, que sur le plan \u00e9conomique, les r\u00e9formes engag\u00e9es par l\u2019ex\u00e9cutif \u00ab avancent normalement \u00bb dans le cadre du programme d\u2019ajustement appuy\u00e9 par la facilit\u00e9 \u00e9largie de cr\u00e9dit dont s\u2019est dot\u00e9 le pays qui pourrait ainsi d\u00e9passer en fin 2019 une croissance de 6%.\u00ab Cela pourrait donc permettre au Gouvernement d\u2019atteindre, voire de d\u00e9passer, au terme de l\u2019ann\u00e9e en cours, l\u2019objectif de 6% de croissance \u00e9conomique qu\u2019il s\u2019est assign\u00e9 dans la Loi de Finances Initiale pour 2019 \u00bb, a-t-il indiqu\u00e9.<\/p>\n<p>Selon lui, la facilit\u00e9 \u00e9largie de cr\u00e9dit va jouer un puissant r\u00f4le de catalyseur pour permettre \u00e0 la guin\u00e9e d\u2019acc\u00e9der davantage aux pr\u00eats concessionnels des institutions financi\u00e8res bilat\u00e9rales et multilat\u00e9rales (Banque Mondiale, AFD, Banque de l\u2019Union Europ\u00e9enne, BAD, BID, BADEA, la soci\u00e9t\u00e9 Financi\u00e8re Internationale etc.) pour financer les infrastructures et appuyer le secteur priv\u00e9.<\/p>\n<p><ins data-revive-zoneid=\"9\" data-revive-id=\"10111e19d28d19d031742ee3b0b33eb0\"\/> <\/div>\n<p>Auteur: APA News<br \/>\n<a href=\"https:\/\/www.journalducameroun.com\/fr\/la-guinee-pourrait-depasser-6-de-croissance-en-2019-parlementaire\/\">Cliquez ici pour lire l&rsquo;article depuis sa source.<\/a><\/p>\n","protected":false},"excerpt":{"rendered":"<p>Publi\u00e9 le 05.04.2019 \u00e0 20h18 par APA News Le pr\u00e9sident de l\u2019Assembl\u00e9e nationale guin\u00e9enne, Kory Kondiano a d\u00e9clar\u00e9, vendredi au cours de l\u2019ouverture de la session ordinaire des lois, que sur le plan \u00e9conomique, les r\u00e9formes engag\u00e9es par l\u2019ex\u00e9cutif \u00ab avancent normalement \u00bb dans le cadre du programme d\u2019ajustement appuy\u00e9 par la facilit\u00e9 \u00e9largie de [&hellip;]<\/p>\n","protected":false},"author":1965,"featured_media":0,"comment_status":"closed","ping_status":"closed","sticky":false,"template":"","format":"standard","meta":{"fifu_image_url":"","fifu_image_alt":"","footnotes":""},"categories":[73,82],"tags":[],"class_list":["post-26208","post","type-post","status-publish","format-standard","hentry","category-actualite","category-cameroun"],"_links":{"self":[{"href":"https:\/\/linitiative.ca\/International\/wp-json\/wp\/v2\/posts\/26208","targetHints":{"allow":["GET"]}}],"collection":[{"href":"https:\/\/linitiative.ca\/International\/wp-json\/wp\/v2\/posts"}],"about":[{"href":"https:\/\/linitiative.ca\/International\/wp-json\/wp\/v2\/types\/post"}],"author":[{"embeddable":true,"href":"https:\/\/linitiative.ca\/International\/wp-json\/wp\/v2\/users\/1965"}],"replies":[{"embeddable":true,"href":"https:\/\/linitiative.ca\/International\/wp-json\/wp\/v2\/comments?post=26208"}],"version-history":[{"count":0,"href":"https:\/\/linitiative.ca\/International\/wp-json\/wp\/v2\/posts\/26208\/revisions"}],"wp:attachment":[{"href":"https:\/\/linitiative.ca\/International\/wp-json\/wp\/v2\/media?parent=26208"}],"wp:term":[{"taxonomy":"category","embeddable":true,"href":"https:\/\/linitiative.ca\/International\/wp-json\/wp\/v2\/categories?post=26208"},{"taxonomy":"post_tag","embeddable":true,"href":"https:\/\/linitiative.ca\/International\/wp-json\/wp\/v2\/tags?post=26208"}],"curies":[{"name":"wp","href":"https:\/\/api.w.org\/{rel}","templated":true}]}}