{"id":26209,"date":"2019-04-05T15:18:08","date_gmt":"2019-04-05T19:18:08","guid":{"rendered":"https:\/\/linitiative.ca\/International\/la-france-au-devant-de-la-scene-a-la-cloture-dun-colloque-sur-le-genocide-rwandais\/"},"modified":"2019-04-05T15:18:08","modified_gmt":"2019-04-05T19:18:08","slug":"la-france-au-devant-de-la-scene-a-la-cloture-dun-colloque-sur-le-genocide-rwandais","status":"publish","type":"post","link":"https:\/\/linitiative.ca\/International\/la-france-au-devant-de-la-scene-a-la-cloture-dun-colloque-sur-le-genocide-rwandais\/","title":{"rendered":"La France au-devant de la sc\u00e8ne \u00e0 la cl\u00f4ture d\u2019un colloque sur le g\u00e9nocide rwandais"},"content":{"rendered":"<div readability=\"32\">\n<p>Publi\u00e9 le 05.04.2019 \u00e0 20h18 par APA News<\/p>\n<\/div>\n<div readability=\"125\">\n<p>Le journaliste d\u2019investigation fran\u00e7ais, Jean-Fran\u00e7ois Dupaquier et son compatriote Vincent Duclert, pr\u00e9sident de la nouvelle Commission de chercheurs charg\u00e9e d\u2019enqu\u00eater sur le r\u00f4le controvers\u00e9 de Paris dans le g\u00e9nocide contre les Tutsis au Rwanda en 1994, ont entretenu vendredi \u00e0 Kigali, avant-veille de la comm\u00e9moration du 25e anniversaire de cette trag\u00e9die, une br\u00e8ve pol\u00e9mique sur la volont\u00e9 de leur pays de \u00ab faire triompher \u00bb la v\u00e9rit\u00e9 concernant les archives de la p\u00e9riode 1990-1994.Terminant une premi\u00e8re intervention sur le r\u00f4le \u00ab haineux \u00bb des m\u00e9dias dans ce g\u00e9nocide, \u00e0 la cl\u00f4ture d\u2019un colloque international sous le th\u00e8me : \u00ab Pr\u00e9servation de la m\u00e9moire, un combat de l\u2019humanit\u00e9 \u00bb, M. Dupaquier a expliqu\u00e9 que son pays pouvait \u00ab progresser en continuant \u00e0 faire triompher la v\u00e9rit\u00e9 \u00bb sur cette trag\u00e9die qui a emport\u00e9 environ 800 mille personnes, majoritairement des Tutsis, au Rwanda, en 1994.<\/p>\n<p>Assis au fond de la salle Intare Conference Arena, Vincent Duclert a attaqu\u00e9 par la suite une partie du discours de son compatriote journaliste, \u00e0 qui il reproche de s\u2019appuyer sur des \u00ab rumeurs \u00bb pour argumenter.<\/p>\n<p>Ce dernier, par ailleurs professeur associ\u00e9 \u00e0 Sciences Po, a \u00e9t\u00e9 nomm\u00e9 aujourd\u2019hui par le pr\u00e9sident Emmanuel Macron \u00e0 la t\u00eate d\u2019une \u00e9quipe de neuf chercheurs et historiens charg\u00e9s de faire la lumi\u00e8re sur le r\u00f4le controvers\u00e9 de Paris dans cette trag\u00e9die, et apaiser la relation avec Kigali.<\/p>\n<p>\u00ab Aucun sp\u00e9cialiste du Rwanda \u00bb<\/p>\n<p>Analysant la composition de cette \u00e9quipe, le magazine JeuneAfrique n\u2019a trouv\u00e9 \u00ab aucun sp\u00e9cialiste du Rwanda \u00bb, notant par ailleurs que \u00ab la commission a beaucoup fait r\u00e9agir la communaut\u00e9 historienne ces derniers jours, apr\u00e8s l\u2019annonce de la mise \u00e0 l\u2019\u00e9cart de deux des principaux sp\u00e9cialistes fran\u00e7ais du sujet : St\u00e9phane Audoin-Rouzeau directeur d\u2019\u00e9tudes \u00e0 l\u2019EHESS, et H\u00e9l\u00e8ne Dumas, charg\u00e9e de recherche au CNRS et seule experte \u00e0 ma\u00eetriser le kinyarwanda \u00bb, la langue locale du Rwanda.<\/p>\n<p>Cependant, cette commission aura acc\u00e8s \u00e0 \u00ab toutes les archives fran\u00e7aises concernant le Rwanda entre 1990 et 1994 \u00bb, a assur\u00e9 vendredi au palais pr\u00e9sidentiel de l\u2019Elys\u00e9e le pr\u00e9sident Macron, repris par la presse, au moment o\u00f9 il recevait des repr\u00e9sentants d\u2019Ibuka France, une association de soutien aux victimes et rescap\u00e9s du g\u00e9nocide.<\/p>\n<p>Pour Vincent Duclert, s\u2019exprimant pour sa part depuis la capitale rwandaise, cette commission qu\u2019il va diriger \u00ab sera ind\u00e9pendante et ne cherchera que la v\u00e9rit\u00e9 \u00bb.<\/p>\n<p>Par ailleurs dans un second panel \u00e0 cette salle de Kigali, la procureure fran\u00e7aise Aur\u00e9lia Davos a r\u00e9pondu \u00e0 une interpellation sur le faible taux de proc\u00e8s organis\u00e9s dans son pays alors que \u00ab la France h\u00e9berge la plupart des gens suspect\u00e9s \u00bb d\u2019\u00eatre m\u00eal\u00e9s au g\u00e9nocide, selon l\u2019avocat franco-rwandais Richard Gisagara, qui constate que ce pays \u00ab n\u2019a rien fait pour amener ces personnes devant la justice \u00bb ou les extrader.<\/p>\n<p><ins data-revive-zoneid=\"9\" data-revive-id=\"10111e19d28d19d031742ee3b0b33eb0\"\/> <\/p>\n<p>Mais pour Mme Davos en revanche, la France n\u2019avait pas la \u00ab comp\u00e9tence \u00bb juridique pour juger des affaires li\u00e9es au g\u00e9nocide rwandais apr\u00e8s que les premi\u00e8res plaintes furent \u00ab d\u00e9pos\u00e9es en 1995 \u00bb\u2026 en d\u00e9pit \u00e9galement qu\u2019aujourd\u2019hui dans son pays \u00ab la justice n\u2019a pas beaucoup de moyens \u00bb.<\/p>\n<p>\u00ab Ind\u00e9cence \u00bb<\/p>\n<p>Une remarque sur laquelle l\u2019a attaqu\u00e9e une intervenante qui a trouv\u00e9 \u00ab ind\u00e9cent (de la part de la Fran\u00e7aise) d\u2019\u00eatre au Rwanda et dire que la Justice est ch\u00e8re \u00bb. Selon elle, en effet le \u00ab tort commis est beaucoup plus cher \u00bb.<\/p>\n<p>Le pr\u00e9sident fran\u00e7ais, Macron, ne sera pas pr\u00e9sent dimanche \u00e0 Kigali pour la 25e comm\u00e9moration du g\u00e9nocide commis contre les Tutsis, pr\u00e9f\u00e9rant mandater le d\u00e9put\u00e9 LREM (son parti) Herv\u00e9 Berville avec une d\u00e9l\u00e9gation pour le repr\u00e9senter.<\/p>\n<p>M. Berville est un orphelin tutsi n\u00e9 en 1990 et \u00e9vacu\u00e9 de son pays par l\u2019arm\u00e9e fran\u00e7aise au d\u00e9but du g\u00e9nocide des Tutsis au Rwanda de 1994, avant d\u2019\u00eatre adopt\u00e9 par un couple de Bretons.<\/p>\n<p>Par ailleurs, malgr\u00e9 le r\u00f4le controvers\u00e9 de la France dans le g\u00e9nocide, un rapprochement a \u00e9t\u00e9 not\u00e9 ces derniers mois avec le Rwanda, d\u2019o\u00f9 cet acte de repr\u00e9sentation de Herv\u00e9 Berville dans la comm\u00e9moration du 7 avril.<\/p>\n<\/div>\n<p>Auteur: APA News<br \/>\n<a href=\"https:\/\/www.journalducameroun.com\/fr\/la-france-au-devant-de-la-scene-a-la-cloture-dun-colloque-sur-le-genocide-rwandais\/\">Cliquez ici pour lire l&rsquo;article depuis sa source.<\/a><\/p>\n","protected":false},"excerpt":{"rendered":"<p>Publi\u00e9 le 05.04.2019 \u00e0 20h18 par APA News Le journaliste d\u2019investigation fran\u00e7ais, Jean-Fran\u00e7ois Dupaquier et son compatriote Vincent Duclert, pr\u00e9sident de la nouvelle Commission de chercheurs charg\u00e9e d\u2019enqu\u00eater sur le r\u00f4le controvers\u00e9 de Paris dans le g\u00e9nocide contre les Tutsis au Rwanda en 1994, ont entretenu vendredi \u00e0 Kigali, avant-veille de la comm\u00e9moration du 25e [&hellip;]<\/p>\n","protected":false},"author":1965,"featured_media":0,"comment_status":"closed","ping_status":"closed","sticky":false,"template":"","format":"standard","meta":{"fifu_image_url":"","fifu_image_alt":"","footnotes":""},"categories":[73,82],"tags":[],"class_list":["post-26209","post","type-post","status-publish","format-standard","hentry","category-actualite","category-cameroun"],"_links":{"self":[{"href":"https:\/\/linitiative.ca\/International\/wp-json\/wp\/v2\/posts\/26209","targetHints":{"allow":["GET"]}}],"collection":[{"href":"https:\/\/linitiative.ca\/International\/wp-json\/wp\/v2\/posts"}],"about":[{"href":"https:\/\/linitiative.ca\/International\/wp-json\/wp\/v2\/types\/post"}],"author":[{"embeddable":true,"href":"https:\/\/linitiative.ca\/International\/wp-json\/wp\/v2\/users\/1965"}],"replies":[{"embeddable":true,"href":"https:\/\/linitiative.ca\/International\/wp-json\/wp\/v2\/comments?post=26209"}],"version-history":[{"count":0,"href":"https:\/\/linitiative.ca\/International\/wp-json\/wp\/v2\/posts\/26209\/revisions"}],"wp:attachment":[{"href":"https:\/\/linitiative.ca\/International\/wp-json\/wp\/v2\/media?parent=26209"}],"wp:term":[{"taxonomy":"category","embeddable":true,"href":"https:\/\/linitiative.ca\/International\/wp-json\/wp\/v2\/categories?post=26209"},{"taxonomy":"post_tag","embeddable":true,"href":"https:\/\/linitiative.ca\/International\/wp-json\/wp\/v2\/tags?post=26209"}],"curies":[{"name":"wp","href":"https:\/\/api.w.org\/{rel}","templated":true}]}}