{"id":26244,"date":"2019-04-05T13:19:31","date_gmt":"2019-04-05T17:19:31","guid":{"rendered":"https:\/\/linitiative.ca\/International\/transport-delectricite-vers-la-mise-en-place-dun-systeme-national-de-conduite-du-reseau\/"},"modified":"2019-04-05T13:19:31","modified_gmt":"2019-04-05T17:19:31","slug":"transport-delectricite-vers-la-mise-en-place-dun-systeme-national-de-conduite-du-reseau","status":"publish","type":"post","link":"https:\/\/linitiative.ca\/International\/transport-delectricite-vers-la-mise-en-place-dun-systeme-national-de-conduite-du-reseau\/","title":{"rendered":"Transport d\u2019\u00e9lectricit\u00e9: vers la mise en place d\u2019un syst\u00e8me national de conduite du r\u00e9seau"},"content":{"rendered":"<div class=\"featured-area featured-area-inner\"><img loading=\"lazy\" decoding=\"async\" width=\"728\" height=\"405\" src=\"https:\/\/i0.wp.com\/ecomatin.net\/wp-content\/uploads\/2019\/04\/ecomatin.net-transport-delectricite-vers-la-mise-en-place-dun-systeme-national-de-conduite-du-reseau-lectricite-2.jpg?resize=728%2C405&#038;ssl=1&#038;is-pending-load=1\" class=\"attachment-jannah-image-post size-jannah-image-post wp-post-image jetpack-lazy-image\" alt=\"\" data-attachment-id=\"7226\" data-permalink=\"https:\/\/ecomatin.net\/transport-delectricite-vers-la-mise-en-place-dun-systeme-national-de-conduite-du-reseau\/electricite-2\/\" data-orig-file=\"https:\/\/i0.wp.com\/ecomatin.net\/wp-content\/uploads\/2019\/04\/ecomatin.net-transport-delectricite-vers-la-mise-en-place-dun-systeme-national-de-conduite-du-reseau-lectricite-2.jpg?fit=728%2C485&#038;ssl=1\" data-orig-size=\"728,485\" data-comments-opened=\"0\" data-image-meta=\"{\"aperture\":\"0\",\"credit\":\"\",\"camera\":\"\",\"caption\":\"\",\"created_timestamp\":\"0\",\"copyright\":\"\",\"focal_length\":\"0\",\"iso\":\"0\",\"shutter_speed\":\"0\",\"title\":\"\",\"orientation\":\"0\"}\" data-image-title=\"\u00e9lectricit\u00e9 2\" data-image-description=\"\" data-medium-file=\"https:\/\/i0.wp.com\/ecomatin.net\/wp-content\/uploads\/2019\/04\/ecomatin.net-transport-delectricite-vers-la-mise-en-place-dun-systeme-national-de-conduite-du-reseau-lectricite-2.jpg?fit=300%2C200&#038;ssl=1\" data-large-file=\"https:\/\/i0.wp.com\/ecomatin.net\/wp-content\/uploads\/2019\/04\/ecomatin.net-transport-delectricite-vers-la-mise-en-place-dun-systeme-national-de-conduite-du-reseau-lectricite-2.jpg?fit=728%2C485&#038;ssl=1\" srcset=\"data:image\/gif;base64,R0lGODlhAQABAIAAAAAAAP\/\/\/yH5BAEAAAAALAAAAAABAAEAAAIBRAA7\"\/><\/div>\n<div class=\"entry-content entry clearfix\" readability=\"55.5687388988\">\n<p>Certes, les d\u00e9tails de ce nouveau m\u00e9canisme n\u2019ont pas encore \u00e9t\u00e9\u00a0 rendus publics, mais l\u2019on s\u2019achemine vers la mise en place d\u2019un Syst\u00e8me national de conduite du r\u00e9seau (<strong>Scada<\/strong>). Un avis d\u2019appel d\u2019offres international en proc\u00e9dure de deux \u00e9tapes a en effet \u00e9t\u00e9 lanc\u00e9 le 28 mars 2019 \u00a0par la Soci\u00e9t\u00e9 nationale de transport de l\u2019\u00e9lectricit\u00e9 (<strong>Sonatrel<\/strong>), pour ex\u00e9cuter les travaux de conception-fourniture-montage du syst\u00e8me national de conduite du r\u00e9seau (Scada), des r\u00e9seaux interconnect\u00e9s Sud (<strong>RIS)<\/strong>\/R\u00e9seau interconnect\u00e9 Nord (<strong>RIN<\/strong>) et t\u00e9l\u00e9coms. Ce, dans le cadre du projet de Remise \u00e0 niveau des r\u00e9seaux de transport d\u2019\u00e9lectricit\u00e9 et r\u00e9forme du secteur (<strong>Prrters<\/strong>), financ\u00e9 conjointement par l\u2019Etat du Cameroun et la Banque mondiale. Un projet d\u2019un montant d\u2019environ <strong>940 milliards de Fcfa<\/strong> qui vise \u00e0 renforcer et \u00e0 mettre \u00e0 niveau le r\u00e9seau national de transport de l\u2019\u00e9lectricit\u00e9.<\/p>\n<p>Pour \u00eatre retenu dans le cadre de cet appel d\u2019offres international pour les travaux de conception-fourniture-montage du syst\u00e8me national de conduite du r\u00e9seau, le soumissionnaire devra remplir un certain nombre d\u2019exigences. Notamment sur le plan technique, il devra d\u00e9montrer qu\u2019il d\u00e9tient la comp\u00e9tence et la capacit\u00e9 technique dans la conception, le d\u00e9veloppement (pour les applications Scada et les fonctions avanc\u00e9es), l\u2019int\u00e9gration et les dispositifs d\u2019essai pour la mise en service et la maintenance du syst\u00e8me Scada\/Fonctions avanc\u00e9es. Tout comme il devra aussi d\u00e9montrer qu\u2019il d\u00e9tient la comp\u00e9tence et la capacit\u00e9 technique dans la migration de dispatching afin de s\u2019assurer de son expertise pour g\u00e9rer le passage de Douala \u00e0 Yaound\u00e9 et la migration de la situation provisoire \u00e0 la situation d\u00e9finitive.<\/p>\n<p>Sur le plan financier, le soumissionnaire devra d\u00e9montrer qu\u2019il dispose d\u2019une ligne de cr\u00e9dit d\u2019un montant minimum de <strong>02 milliards de Fcfa<\/strong> \u00e9tablie par une banque de premier ordre. Il doit \u00e9galement d\u00e9montrer, \u00e0 la satisfaction du maitre d\u2019ouvrage qu\u2019il dispose de moyens financiers lui permettant de satisfaire les besoins en tr\u00e9sorerie des travaux en cours et \u00e0 venir dans le cadre du march\u00e9 d\u00e9j\u00e0 engag\u00e9s. Les bilans financiers du soumissionnaire devront \u00eatre v\u00e9rifi\u00e9s et certifi\u00e9s par un expert-comptable agr\u00e9\u00e9 pour les trois derni\u00e8res ann\u00e9es, d\u00e9montrant sa solvabilit\u00e9 actuelle et la rentabilit\u00e9 \u00e0 long terme.\u00a0 Celui-ci devra enfin avoir un chiffre d\u2019affaires annuel moyen d\u2019au moins <strong>10 milliards de Fcfa<\/strong>.<\/p>\n<div class=\"about-author about-author-box container-wrapper\">\n<div class=\"author-avatar\">\n<p><img decoding=\"async\" src=\"http:\/\/\" alt=\"\"\/><\/p>\n<\/div>\n<p><h4>La R\u00e9daction EcoMatin<\/h4>\n<\/p>\n<\/div>\n<div class=\"awac-wrapper awac widget blog_subscription-2\">\n<h4 class=\"widget-title\">Abonnez-vous \u00e0 notre lettre d&rsquo;information<\/h4>\n<\/div>\n<\/div>\n<div class=\"toggle-post-content clearfix\"><a id=\"toggle-post-button\" class=\"button\" href=\"#\">Afficher plus <\/a><\/div>\n<p>Auteur: EcoMatin<br \/>\n<a href=\"https:\/\/ecomatin.net\/transport-delectricite-vers-la-mise-en-place-dun-systeme-national-de-conduite-du-reseau\/\">Cliquez ici pour lire l&rsquo;article depuis sa source.<\/a><\/p>\n","protected":false},"excerpt":{"rendered":"<p>Certes, les d\u00e9tails de ce nouveau m\u00e9canisme n\u2019ont pas encore \u00e9t\u00e9\u00a0 rendus publics, mais l\u2019on s\u2019achemine vers la mise en place d\u2019un Syst\u00e8me national de conduite du r\u00e9seau (Scada). Un avis d\u2019appel d\u2019offres international en proc\u00e9dure de deux \u00e9tapes a en effet \u00e9t\u00e9 lanc\u00e9 le 28 mars 2019 \u00a0par la Soci\u00e9t\u00e9 nationale de transport de [&hellip;]<\/p>\n","protected":false},"author":1969,"featured_media":0,"comment_status":"closed","ping_status":"closed","sticky":false,"template":"","format":"standard","meta":{"fifu_image_url":"","fifu_image_alt":"","footnotes":""},"categories":[82,78],"tags":[],"class_list":["post-26244","post","type-post","status-publish","format-standard","hentry","category-cameroun","category-economie"],"_links":{"self":[{"href":"https:\/\/linitiative.ca\/International\/wp-json\/wp\/v2\/posts\/26244","targetHints":{"allow":["GET"]}}],"collection":[{"href":"https:\/\/linitiative.ca\/International\/wp-json\/wp\/v2\/posts"}],"about":[{"href":"https:\/\/linitiative.ca\/International\/wp-json\/wp\/v2\/types\/post"}],"author":[{"embeddable":true,"href":"https:\/\/linitiative.ca\/International\/wp-json\/wp\/v2\/users\/1969"}],"replies":[{"embeddable":true,"href":"https:\/\/linitiative.ca\/International\/wp-json\/wp\/v2\/comments?post=26244"}],"version-history":[{"count":0,"href":"https:\/\/linitiative.ca\/International\/wp-json\/wp\/v2\/posts\/26244\/revisions"}],"wp:attachment":[{"href":"https:\/\/linitiative.ca\/International\/wp-json\/wp\/v2\/media?parent=26244"}],"wp:term":[{"taxonomy":"category","embeddable":true,"href":"https:\/\/linitiative.ca\/International\/wp-json\/wp\/v2\/categories?post=26244"},{"taxonomy":"post_tag","embeddable":true,"href":"https:\/\/linitiative.ca\/International\/wp-json\/wp\/v2\/tags?post=26244"}],"curies":[{"name":"wp","href":"https:\/\/api.w.org\/{rel}","templated":true}]}}