{"id":26246,"date":"2019-04-05T14:32:13","date_gmt":"2019-04-05T18:32:13","guid":{"rendered":"https:\/\/linitiative.ca\/International\/reduction-du-train-de-letat-les-ministres-et-dg-interdits-de-seminaires-a-letranger\/"},"modified":"2019-04-05T14:32:13","modified_gmt":"2019-04-05T18:32:13","slug":"reduction-du-train-de-letat-les-ministres-et-dg-interdits-de-seminaires-a-letranger","status":"publish","type":"post","link":"https:\/\/linitiative.ca\/International\/reduction-du-train-de-letat-les-ministres-et-dg-interdits-de-seminaires-a-letranger\/","title":{"rendered":"R\u00e9duction du train de l\u2019Etat: les ministres et DG interdits de s\u00e9minaires \u00e0 l\u2019\u00e9tranger"},"content":{"rendered":"<p>Dans un message port\u00e9, le secr\u00e9taire g\u00e9n\u00e9ral des services du Premier ministre, <strong>S\u00e9raphin Magloire Fouda<\/strong>, a notifi\u00e9 le 05 avril dernier aux ministres, secr\u00e9taires d\u2019Etat et Directeurs g\u00e9n\u00e9raux de soci\u00e9t\u00e9s d\u2019Etat,\u00a0 qu\u2019\u00e0 l\u2019avenir, seules les missions statutaires dont l\u2019utilit\u00e9 pour le Cameroun est av\u00e9r\u00e9e\u00a0 seront autoris\u00e9es. \u00ab <em>Par cons\u00e9quent, les demandes d\u2019autorisation de sortie du territoire, en vue de la participation \u00e0 des activit\u00e9s telles que les conf\u00e9rences, les s\u00e9minaires, les colloques ou les remises de prix seront syst\u00e9matiquement rejet\u00e9es<\/em><em>, en particulier lorsque ces d\u00e9placements sont support\u00e9s par le budget de l\u2019Etat ou celui des organismes concern\u00e9s<\/em> \u00bb, informe S\u00e9raphin Magloire Fouda. Qui, dans un message pr\u00e9c\u00e9dent, \u00e9crit : \u00ab <em>Le constat a \u00e9t\u00e9 fait de ce que plusieurs membres du gouvernement, directeurs g\u00e9n\u00e9raux des soci\u00e9t\u00e9s d\u2019Etat et hauts fonctionnaires sont r\u00e9guli\u00e8rement en mission \u00e0 l\u2019\u00e9tranger<\/em> \u00bb. Or, poursuit-il, <em>\u00ab il est av\u00e9r\u00e9 que ces nombreux d\u00e9placements ob\u00e8rent le budget de l\u2019Etat et compromettent le suivi ad\u00e9quat des dossiers des administrations concern\u00e9es<\/em> \u00bb.<\/p>\n<blockquote readability=\"10\">\n<p>Dans une circulaire sign\u00e9e le 23 f\u00e9vrier 2018, l\u2019ex-Premier ministre<strong>, Philemon Yang<\/strong>, notait que les d\u00e9penses inh\u00e9rentes aux missions \u00e0 l\u2019\u00e9tranger ont une forte incidence sur le budget des entreprises et des administrations<\/p>\n<\/blockquote>\n<p>Dans une circulaire sign\u00e9e le 23 f\u00e9vrier 2018, l\u2019ex-Premier ministre<strong>, Philemon Yang<\/strong>, notait que les d\u00e9penses inh\u00e9rentes aux missions \u00e0 l\u2019\u00e9tranger ont une forte incidence sur le budget des entreprises et des administrations. Et que, \u00ab <em>certaines de ces missions s\u2019effectuent sans autorisation pr\u00e9alable des autorit\u00e9s de tutelle<\/em> \u00bb. Or, \u00ab <em>leur plus-value pour l\u2019entreprise ou l\u2019\u00e9tablissement concern\u00e9 (e) n\u2019est pas toujours \u00e9tablie<\/em> \u00bb. Il disait alors avoir attir\u00e9 l\u2019attention du pr\u00e9sident de la R\u00e9publique de mani\u00e8re r\u00e9currente sur plusieurs d\u00e9rives. L\u2019ex-PM avait, dans le m\u00eame texte, d\u00e9cid\u00e9 que, les pr\u00e9sidents de conseils d\u2019administration, les directeurs g\u00e9n\u00e9raux et directeurs g\u00e9n\u00e9raux adjoints des entreprises et \u00e9tablissements publics, allaient d\u00e9sormais voyager en classe affaires dans les avions. Ces hauts responsables devaient donc renoncer \u00e0 leur habituelle premi\u00e8re classe. Ainsi, leurs demandes d\u2019autorisation de sortie devaient \u00eatre soumises \u00e0 l\u2019approbation pr\u00e9alable. Pour les entit\u00e9s d\u00e9pendant de la pr\u00e9sidence de la R\u00e9publique, elles devaient transmises par les PCA, au ministre, Secr\u00e9taire g\u00e9n\u00e9ral de la pr\u00e9sidence de la R\u00e9publique.<\/p>\n<p>Enfin, pour les autres entreprises, indiquait l\u2019ex-PM, les demandes de sortie doivent \u00eatre transmises par les PCA au ministre de tutelle technique. Tout cela en vue de leur pr\u00e9sentation \u00e0 l\u2019approbation pr\u00e9alable du Premier ministre. La circulaire exigeait par ailleurs \u00e0 tous, de choisir l\u2019itin\u00e9raire le plus direct et le moins co\u00fbteux. Cette mesure gouvernementale s\u2019inscrivait dans le prolongement de la r\u00e9duction du train de vie de l\u2019\u00c9tat.<\/p>\n<div class=\"about-author about-author-box container-wrapper\">\n<div class=\"author-avatar\">\n<p><img decoding=\"async\" src=\"http:\/\/\" alt=\"\"\/><\/p>\n<\/div>\n<p><h4>La R\u00e9daction EcoMatin<\/h4>\n<\/p>\n<\/div>\n<div class=\"awac-wrapper awac widget blog_subscription-2\">\n<h4 class=\"widget-title\">Abonnez-vous \u00e0 notre lettre d&rsquo;information<\/h4>\n<\/div>\n<p>Auteur: EcoMatin<br \/>\n<a href=\"https:\/\/ecomatin.net\/reduction-du-train-de-letat-les-ministres-et-dg-interdits-de-seminaires-a-letranger\/\">Cliquez ici pour lire l&rsquo;article depuis sa source.<\/a><\/p>\n","protected":false},"excerpt":{"rendered":"<p>Dans un message port\u00e9, le secr\u00e9taire g\u00e9n\u00e9ral des services du Premier ministre, S\u00e9raphin Magloire Fouda, a notifi\u00e9 le 05 avril dernier aux ministres, secr\u00e9taires d\u2019Etat et Directeurs g\u00e9n\u00e9raux de soci\u00e9t\u00e9s d\u2019Etat,\u00a0 qu\u2019\u00e0 l\u2019avenir, seules les missions statutaires dont l\u2019utilit\u00e9 pour le Cameroun est av\u00e9r\u00e9e\u00a0 seront autoris\u00e9es. \u00ab Par cons\u00e9quent, les demandes d\u2019autorisation de sortie du [&hellip;]<\/p>\n","protected":false},"author":1969,"featured_media":0,"comment_status":"closed","ping_status":"closed","sticky":false,"template":"","format":"standard","meta":{"fifu_image_url":"","fifu_image_alt":"","footnotes":""},"categories":[82,78],"tags":[],"class_list":["post-26246","post","type-post","status-publish","format-standard","hentry","category-cameroun","category-economie"],"_links":{"self":[{"href":"https:\/\/linitiative.ca\/International\/wp-json\/wp\/v2\/posts\/26246","targetHints":{"allow":["GET"]}}],"collection":[{"href":"https:\/\/linitiative.ca\/International\/wp-json\/wp\/v2\/posts"}],"about":[{"href":"https:\/\/linitiative.ca\/International\/wp-json\/wp\/v2\/types\/post"}],"author":[{"embeddable":true,"href":"https:\/\/linitiative.ca\/International\/wp-json\/wp\/v2\/users\/1969"}],"replies":[{"embeddable":true,"href":"https:\/\/linitiative.ca\/International\/wp-json\/wp\/v2\/comments?post=26246"}],"version-history":[{"count":0,"href":"https:\/\/linitiative.ca\/International\/wp-json\/wp\/v2\/posts\/26246\/revisions"}],"wp:attachment":[{"href":"https:\/\/linitiative.ca\/International\/wp-json\/wp\/v2\/media?parent=26246"}],"wp:term":[{"taxonomy":"category","embeddable":true,"href":"https:\/\/linitiative.ca\/International\/wp-json\/wp\/v2\/categories?post=26246"},{"taxonomy":"post_tag","embeddable":true,"href":"https:\/\/linitiative.ca\/International\/wp-json\/wp\/v2\/tags?post=26246"}],"curies":[{"name":"wp","href":"https:\/\/api.w.org\/{rel}","templated":true}]}}