{"id":26247,"date":"2019-04-06T04:00:40","date_gmt":"2019-04-06T08:00:40","guid":{"rendered":"https:\/\/linitiative.ca\/International\/siam-des-ambitions-renouvelees-pour-la-14e-edition\/"},"modified":"2019-04-06T04:00:40","modified_gmt":"2019-04-06T08:00:40","slug":"siam-des-ambitions-renouvelees-pour-la-14e-edition","status":"publish","type":"post","link":"https:\/\/linitiative.ca\/International\/siam-des-ambitions-renouvelees-pour-la-14e-edition\/","title":{"rendered":"SIAM : Des ambitions renouvel\u00e9es pour la 14e \u00e9dition"},"content":{"rendered":"<p><img decoding=\"async\" class=\"post_layout_5_img\" src=\"http:\/\/aujourdhui.ma\/wp-content\/uploads\/2016\/03\/Siam-Agriculture.jpg?x29840\" alt=\"SIAM : Des ambitions renouvel\u00e9es pour la 14e \u00e9dition\"\/><\/p>\n<p class=\"p1\"><span class=\"c4\"><strong><em>Il se tiendra du 16 au 21 avril \u00e0 Mekn\u00e8s<\/em><\/strong><\/span><span id=\"more-308804\"\/><\/p>\n<p class=\"p1\"><span class=\"s1\">Derni\u00e8re ligne droite pour la 14\u00e8me<span class=\"Apple-converted-space\">\u00a0<\/span> \u00e9dition du Salon international de l\u2019agriculture du Maroc (SIAM). Les pr\u00e9paratifs vont bon train pour la tenue de ce grand rendez-vous agricole. A quelques jours<span class=\"Apple-converted-space\">\u00a0<\/span> de l\u2019ouverture de cette grand-messe, l\u2019Association du SIAM a tenu son conseil d\u2019administration sous la pr\u00e9sidence de Aziz Akhannouch, ministre de l\u2019agriculture, de la p\u00eache maritime, du d\u00e9veloppement rural et des eaux et for\u00eats. Une r\u00e9union qui a permis de dresser le bilan de l\u2019\u00e9dition pr\u00e9c\u00e9dente et d\u2019identifier les perspectives pour celle de cette ann\u00e9e.<\/span><\/p>\n<p class=\"p1\"><span class=\"s1\">Le SIAM a r\u00e9ussi au fil des ans \u00e0 confirmer son positionnement en tant que rendez-vous phare de l\u2019agriculture non seulement au niveau national mais \u00e9galement sur le plan r\u00e9gional et international. En t\u00e9moignent les indicateurs de performance enregistr\u00e9s \u00e0 la fin de chaque \u00e9dition. La toute derni\u00e8re, qui a mis \u00e0 l\u2019honneur les Pays-Bas, a r\u00e9ussi \u00e0 attirer plus d\u2019un million de visiteurs et a connu la signature de 21 conventions, l\u2019organisation de 33 conf\u00e9rences et une forte couverture m\u00e9diatique assur\u00e9e par plus de 500 m\u00e9dias venus des quatre coins du monde. Les aspirations pour cette 14\u00e8me \u00e9dition qui d\u00e9marrera le 16 avril sont grandes.<\/span><\/p>\n<p class=\"p1\"><span class=\"s1\">Les organisateurs tablent \u00e9galement sur un visitorat de 1 million de personnes ainsi que la participation de 1.500 exposants qui pr\u00e9senteront aux professionnels et grand public leur savoir-faire tout au long des six jours du Salon qui sera d\u00e9ploy\u00e9 sur une superficie de 185.000 m<sup>2<\/sup> dont 95.000 m<sup>2<\/sup> couverts. Cette 14\u00e8me \u00e9dition qui se poursuivra jusqu\u2019au 21 avril placera l\u2019emploi au c\u0153ur de ses travaux. Le d\u00e9bat s\u2019articulera autour du r\u00f4le de l\u2019agriculture comme un levier d\u2019emploi et l\u2019avenir du monde rural.<\/span><\/p>\n<p class=\"p1\"><span class=\"s1\">Pour ce qui est du pays invit\u00e9 d\u2019honneur de la manifestation, le choix s\u2019est port\u00e9 cette ann\u00e9e sur la Suisse, l\u2019une des \u00e9conomies les plus comp\u00e9titives au monde. La particularit\u00e9 de ce pays c\u2019est qu\u2019il consacre une importante place \u00e0 l\u2019agriculture. Il ressort que pr\u00e8s de la moiti\u00e9 du territoire suisse est exploit\u00e9e dans l\u2019agriculture, fournissant ainsi plus de la moiti\u00e9 des biens alimentaires consomm\u00e9s en Suisse. Pays leader de la production alimentaire, la Suisse accorde une grande importance \u00e0 la recherche et d\u00e9veloppement.<\/span><\/p>\n<p class=\"p1\"><span class=\"s1\">Un volet auquel le gouvernement suisse consacre un budget annuel de l\u2019ordre de 18,5 milliards de francs suisses (environ 180 milliards de dirhams), soit pr\u00e8s de 3% de son PIB. En parall\u00e8le, le SIAM restera fid\u00e8le \u00e0 son programme d\u2019animation. Les visiteurs d\u00e9couvriront comme chaque ann\u00e9e les concours des diff\u00e9rentes races au p\u00f4le Elevages. Au programme figurent \u00e9galement des animations Ring &#038; Show \u00e9questre. Le SIAM est \u00e9galement un moment de cons\u00e9cration. Des prix seront attribu\u00e9s dans ce sens, notamment le Grand Prix Hassan II pour l\u2019invention et la recherche dans le domaine agricole, les prix de la \u00abmeilleure qualit\u00e9 des huiles d\u2019olive vierges extra\u00bb et le Grand prix national de la presse agricole et rurale.<\/span><\/p>\n<p>Auteur: Kawtar Tali<br \/>\n<a href=\"http:\/\/aujourdhui.ma\/economie\/siam-des-ambitions-renouvelees-pour-la-14e-edition\">Cliquez ici pour lire l&rsquo;article depuis sa source.<\/a><\/p>\n","protected":false},"excerpt":{"rendered":"<p>Il se tiendra du 16 au 21 avril \u00e0 Mekn\u00e8s Derni\u00e8re ligne droite pour la 14\u00e8me\u00a0 \u00e9dition du Salon international de l\u2019agriculture du Maroc (SIAM). Les pr\u00e9paratifs vont bon train pour la tenue de ce grand rendez-vous agricole. A quelques jours\u00a0 de l\u2019ouverture de cette grand-messe, l\u2019Association du SIAM a tenu son conseil d\u2019administration sous [&hellip;]<\/p>\n","protected":false},"author":1759,"featured_media":0,"comment_status":"closed","ping_status":"closed","sticky":false,"template":"","format":"standard","meta":{"fifu_image_url":"","fifu_image_alt":"","footnotes":""},"categories":[73,54],"tags":[],"class_list":["post-26247","post","type-post","status-publish","format-standard","hentry","category-actualite","category-maroc"],"_links":{"self":[{"href":"https:\/\/linitiative.ca\/International\/wp-json\/wp\/v2\/posts\/26247","targetHints":{"allow":["GET"]}}],"collection":[{"href":"https:\/\/linitiative.ca\/International\/wp-json\/wp\/v2\/posts"}],"about":[{"href":"https:\/\/linitiative.ca\/International\/wp-json\/wp\/v2\/types\/post"}],"author":[{"embeddable":true,"href":"https:\/\/linitiative.ca\/International\/wp-json\/wp\/v2\/users\/1759"}],"replies":[{"embeddable":true,"href":"https:\/\/linitiative.ca\/International\/wp-json\/wp\/v2\/comments?post=26247"}],"version-history":[{"count":0,"href":"https:\/\/linitiative.ca\/International\/wp-json\/wp\/v2\/posts\/26247\/revisions"}],"wp:attachment":[{"href":"https:\/\/linitiative.ca\/International\/wp-json\/wp\/v2\/media?parent=26247"}],"wp:term":[{"taxonomy":"category","embeddable":true,"href":"https:\/\/linitiative.ca\/International\/wp-json\/wp\/v2\/categories?post=26247"},{"taxonomy":"post_tag","embeddable":true,"href":"https:\/\/linitiative.ca\/International\/wp-json\/wp\/v2\/tags?post=26247"}],"curies":[{"name":"wp","href":"https:\/\/api.w.org\/{rel}","templated":true}]}}