{"id":26252,"date":"2019-04-06T04:04:36","date_gmt":"2019-04-06T08:04:36","guid":{"rendered":"https:\/\/linitiative.ca\/International\/fairmont-royal-palm-garden-brunch-avec-montgolfiere-a-loccasion-de-paques\/"},"modified":"2019-04-06T04:04:36","modified_gmt":"2019-04-06T08:04:36","slug":"fairmont-royal-palm-garden-brunch-avec-montgolfiere-a-loccasion-de-paques","status":"publish","type":"post","link":"https:\/\/linitiative.ca\/International\/fairmont-royal-palm-garden-brunch-avec-montgolfiere-a-loccasion-de-paques\/","title":{"rendered":"Fairmont Royal Palm : Garden Brunch avec montgolfi\u00e8re \u00e0 l\u2019occasion de P\u00e2ques"},"content":{"rendered":"<header>\n<div class=\"entry-post-meta\">\n<div class=\"author-link\">Publi\u00e9 par <a itemprop=\"author\" itemscope=\"\" itemtype=\"https:\/\/schema.org\/Person\" href=\"http:\/\/aujourdhui.ma\/profile\/kaid\" rel=\"author\"><span itemprop=\"name\">ALM<\/span><\/a><\/div>\n<p>Date\u00a0:<time content=\"2019-04-06T09:04:36+00:00\" class=\"entry-date updated\" datetime=\"2019-04-06T09:04:36+00:00\">avril 06, 2019<\/time><\/p>\n<div class=\"entry-cat\">dans:<a href=\"http:\/\/aujourdhui.ma\/category\/economie\" rel=\"category tag\">Economie<\/a><\/div>\n<p>1Vues<\/p>\n<\/div>\n<\/header>\n<div class=\"entry-content clearfix\" readability=\"53\"><img decoding=\"async\" class=\"post_layout_5_img\" src=\"http:\/\/aujourdhui.ma\/wp-content\/uploads\/2019\/04\/Fairmont-Royal-Palm-Garden-Brunch.jpg?x29840\" alt=\"Fairmont Royal Palm : Garden Brunch avec montgolfi\u00e8re \u00e0 l\u2019occasion de P\u00e2ques\"\/><\/p>\n<p class=\"p1\"><span class=\"s1 c4\"><strong>A l\u2019approche de P\u00e2ques, le Fairmont Royal Palm Marrakech voit les choses en grand en concoctant savamment un programme aussi riche et vari\u00e9.<\/strong><\/span> <span id=\"more-308795\"\/><\/p>\n<p class=\"p1\"><span class=\"s1\">Tout d\u2019abord, pas de f\u00eate pascale sans une bonne festivit\u00e9 et de bons plats. Ainsi, l\u2019\u00e9tablissement r\u00e9v\u00e8le que c\u2019est le chef Serge Jost qui se chargera le 21 avril de satisfaire les papilles les plus exigeantes. Les jardins luxuriants vous accueilleront pour l\u2019incontournable Garden Brunch de P\u00e2ques : un d\u00e9licieux buffet au large choix d\u2019entr\u00e9es, de plats revisitant les cuisines les plus savoureuses et de desserts gourmands.<\/span><\/p>\n<p class=\"p1\"><span class=\"s1\">Des vols captifs en montgolfi\u00e8re seront propos\u00e9s pour l\u2019occasion, l\u2019id\u00e9al pour pouvoir admirer le spectaculaire panorama sur les montagnes de l\u2019Atlas !<\/span><\/p>\n<p class=\"p1\"><span class=\"s1\">Les plus petits seront invit\u00e9s \u00e0 participer aux activit\u00e9s de la journ\u00e9e : balade \u00e0 dos de dromadaire et l\u2019incontournable chasse aux \u0153ufs. En ce qui concerne les nouveaut\u00e9s, le Fairmont Royal Palm Marrakech souligne que sa ferme biologique sera le th\u00e9\u00e2tre de plusieurs activit\u00e9s avec \u00ab une reproduction haute en couleur de la place Jemaa El Fna avec un savoureux buffet, d\u2019authentiques activit\u00e9s ainsi que les soir\u00e9es berb\u00e8res organis\u00e9es \u00e0 la belle \u00e9toile.<\/span><\/p>\n<\/div>\n<p>Auteur: ALM<br \/>\n<a href=\"http:\/\/aujourdhui.ma\/economie\/fairmont-royal-palm-garden-brunch-avec-montgolfiere-a-loccasion-de-paques\">Cliquez ici pour lire l&rsquo;article depuis sa source.<\/a><\/p>\n","protected":false},"excerpt":{"rendered":"<p>Publi\u00e9 par ALM Date\u00a0:avril 06, 2019 dans:Economie 1Vues A l\u2019approche de P\u00e2ques, le Fairmont Royal Palm Marrakech voit les choses en grand en concoctant savamment un programme aussi riche et vari\u00e9. Tout d\u2019abord, pas de f\u00eate pascale sans une bonne festivit\u00e9 et de bons plats. Ainsi, l\u2019\u00e9tablissement r\u00e9v\u00e8le que c\u2019est le chef Serge Jost qui [&hellip;]<\/p>\n","protected":false},"author":1759,"featured_media":0,"comment_status":"closed","ping_status":"closed","sticky":false,"template":"","format":"standard","meta":{"fifu_image_url":"","fifu_image_alt":"","footnotes":""},"categories":[73,54],"tags":[],"class_list":["post-26252","post","type-post","status-publish","format-standard","hentry","category-actualite","category-maroc"],"_links":{"self":[{"href":"https:\/\/linitiative.ca\/International\/wp-json\/wp\/v2\/posts\/26252","targetHints":{"allow":["GET"]}}],"collection":[{"href":"https:\/\/linitiative.ca\/International\/wp-json\/wp\/v2\/posts"}],"about":[{"href":"https:\/\/linitiative.ca\/International\/wp-json\/wp\/v2\/types\/post"}],"author":[{"embeddable":true,"href":"https:\/\/linitiative.ca\/International\/wp-json\/wp\/v2\/users\/1759"}],"replies":[{"embeddable":true,"href":"https:\/\/linitiative.ca\/International\/wp-json\/wp\/v2\/comments?post=26252"}],"version-history":[{"count":0,"href":"https:\/\/linitiative.ca\/International\/wp-json\/wp\/v2\/posts\/26252\/revisions"}],"wp:attachment":[{"href":"https:\/\/linitiative.ca\/International\/wp-json\/wp\/v2\/media?parent=26252"}],"wp:term":[{"taxonomy":"category","embeddable":true,"href":"https:\/\/linitiative.ca\/International\/wp-json\/wp\/v2\/categories?post=26252"},{"taxonomy":"post_tag","embeddable":true,"href":"https:\/\/linitiative.ca\/International\/wp-json\/wp\/v2\/tags?post=26252"}],"curies":[{"name":"wp","href":"https:\/\/api.w.org\/{rel}","templated":true}]}}