{"id":26254,"date":"2019-04-06T04:08:40","date_gmt":"2019-04-06T08:08:40","guid":{"rendered":"https:\/\/linitiative.ca\/International\/agadir-fuguant-de-chez-elle-elle-se-retrouve-entre-les-griffes-de-deux-violeurs\/"},"modified":"2019-04-06T04:08:40","modified_gmt":"2019-04-06T08:08:40","slug":"agadir-fuguant-de-chez-elle-elle-se-retrouve-entre-les-griffes-de-deux-violeurs","status":"publish","type":"post","link":"https:\/\/linitiative.ca\/International\/agadir-fuguant-de-chez-elle-elle-se-retrouve-entre-les-griffes-de-deux-violeurs\/","title":{"rendered":"Agadir : Fuguant de chez elle, elle se retrouve entre les griffes de deux violeurs"},"content":{"rendered":"<header>\n<\/header>\n<div class=\"entry-content clearfix\" readability=\"50\"><img decoding=\"async\" class=\"post_layout_5_img\" src=\"http:\/\/aujourdhui.ma\/wp-content\/uploads\/2018\/09\/viol-conjugal.jpg?x29840\" alt=\"Agadir : Fuguant de chez elle, elle se retrouve entre les griffes de deux violeurs\"\/><\/p>\n<p class=\"p1\"><span class=\"s1\"><span class=\"c4\"><strong>Pour d\u00e9tournement d\u2019une mineure, deux jeunes hommes ont \u00e9t\u00e9 condamn\u00e9s par la chambre criminelle pr\u00e8s la Cour d\u2019appel d\u2019Agadir respectivement \u00e0 trois ans et un an de prison ferme.<\/strong><\/span><\/span> <span id=\"more-308868\"\/><\/p>\n<p class=\"p1\"><span class=\"s1\">En effet, l\u2019affaire a commenc\u00e9 par la fugue d\u2019une fille mineure de chez elle, \u00e0 Agadir. En t\u00e9l\u00e9phonant \u00e0 son amant, elle lui a expliqu\u00e9 qu\u2019elle a quitt\u00e9 le foyer parental et qu\u2019elle a voulu passer quelques jours en sa compagnie. Aussit\u00f4t, il ne lui a pas r\u00e9pondu et a \u00e9teint d\u00e9finitivement son t\u00e9l\u00e9phone portable.<\/span><\/p>\n<p class=\"p1\"><span class=\"s1\">Du coup, elle a compos\u00e9 le num\u00e9ro de l\u2019ami de son amant pour le solliciter de l\u2019aider. Ce dernier n\u2019a pas perdu de temps pour la rejoindre et la conduire chez l\u2019un de ses amis qui dispose d\u2019une chambre situ\u00e9e au quartier Er-Rtem, \u00e0 Ouled Ta\u00efma pour abuser d\u2019elle durant trois jours. La m\u00e8re de la fille a port\u00e9 plainte. Les \u00e9l\u00e9ments de la gendarmerie royale ont men\u00e9 les investigations n\u00e9cessaires sold\u00e9es par l\u2019arrestation de l\u2019ami de l\u2019amant de la fille mineure et son ami.<\/span><\/p>\n<\/div>\n<p>Auteur: Abderrafii ALOUMLIKI<br \/>\n<a href=\"http:\/\/aujourdhui.ma\/faits-divers\/agadir-fuguant-de-chez-elle-elle-se-retrouve-entre-les-griffes-de-deux-violeurs\">Cliquez ici pour lire l&rsquo;article depuis sa source.<\/a><\/p>\n","protected":false},"excerpt":{"rendered":"<p>Pour d\u00e9tournement d\u2019une mineure, deux jeunes hommes ont \u00e9t\u00e9 condamn\u00e9s par la chambre criminelle pr\u00e8s la Cour d\u2019appel d\u2019Agadir respectivement \u00e0 trois ans et un an de prison ferme. En effet, l\u2019affaire a commenc\u00e9 par la fugue d\u2019une fille mineure de chez elle, \u00e0 Agadir. En t\u00e9l\u00e9phonant \u00e0 son amant, elle lui a expliqu\u00e9 qu\u2019elle [&hellip;]<\/p>\n","protected":false},"author":1759,"featured_media":0,"comment_status":"closed","ping_status":"closed","sticky":false,"template":"","format":"standard","meta":{"fifu_image_url":"","fifu_image_alt":"","footnotes":""},"categories":[73,54],"tags":[],"class_list":["post-26254","post","type-post","status-publish","format-standard","hentry","category-actualite","category-maroc"],"_links":{"self":[{"href":"https:\/\/linitiative.ca\/International\/wp-json\/wp\/v2\/posts\/26254","targetHints":{"allow":["GET"]}}],"collection":[{"href":"https:\/\/linitiative.ca\/International\/wp-json\/wp\/v2\/posts"}],"about":[{"href":"https:\/\/linitiative.ca\/International\/wp-json\/wp\/v2\/types\/post"}],"author":[{"embeddable":true,"href":"https:\/\/linitiative.ca\/International\/wp-json\/wp\/v2\/users\/1759"}],"replies":[{"embeddable":true,"href":"https:\/\/linitiative.ca\/International\/wp-json\/wp\/v2\/comments?post=26254"}],"version-history":[{"count":0,"href":"https:\/\/linitiative.ca\/International\/wp-json\/wp\/v2\/posts\/26254\/revisions"}],"wp:attachment":[{"href":"https:\/\/linitiative.ca\/International\/wp-json\/wp\/v2\/media?parent=26254"}],"wp:term":[{"taxonomy":"category","embeddable":true,"href":"https:\/\/linitiative.ca\/International\/wp-json\/wp\/v2\/categories?post=26254"},{"taxonomy":"post_tag","embeddable":true,"href":"https:\/\/linitiative.ca\/International\/wp-json\/wp\/v2\/tags?post=26254"}],"curies":[{"name":"wp","href":"https:\/\/api.w.org\/{rel}","templated":true}]}}