{"id":26255,"date":"2019-04-06T04:10:02","date_gmt":"2019-04-06T08:10:02","guid":{"rendered":"https:\/\/linitiative.ca\/International\/la-couverture-medicale-pour-les-artistes-au-centre-dune-reunion-a-rabat\/"},"modified":"2019-04-06T04:10:02","modified_gmt":"2019-04-06T08:10:02","slug":"la-couverture-medicale-pour-les-artistes-au-centre-dune-reunion-a-rabat","status":"publish","type":"post","link":"https:\/\/linitiative.ca\/International\/la-couverture-medicale-pour-les-artistes-au-centre-dune-reunion-a-rabat\/","title":{"rendered":"La couverture m\u00e9dicale pour les artistes au centre  d\u2019une r\u00e9union \u00e0 Rabat"},"content":{"rendered":"<header>\n<\/header>\n<div class=\"entry-content clearfix\" readability=\"61\"><img decoding=\"async\" class=\"post_layout_5_img\" src=\"http:\/\/aujourdhui.ma\/wp-content\/uploads\/2019\/04\/couverture-me%CC%81dicale-pour-les-artistes.jpg?x29840\" alt=\"La couverture m\u00e9dicale pour les artistes au centre d\u2019une r\u00e9union \u00e0 Rabat\"\/><\/p>\n<p class=\"p1\"><span class=\"s1\"><span class=\"c4\"><strong>Un premier pas vers la couverture m\u00e9dicale des artistes vient d\u2019\u00eatre franchi.<span class=\"Apple-converted-space\">\u00a0<\/span> Une r\u00e9union des ministres de la sant\u00e9 et de la culture et de la communication s\u2019est tenue le mercredi 3 avril 2019 au si\u00e8ge du d\u00e9partement de la sant\u00e9.<\/strong><\/span><\/span><span id=\"more-308819\"\/><\/p>\n<p class=\"p1\"><span class=\"s1\">Cette r\u00e9union s\u2019est d\u00e9roul\u00e9e en pr\u00e9sence du repr\u00e9sentant de la Caisse nationale de s\u00e9curit\u00e9 sociale (CNSS) et des repr\u00e9sentants des instances professionnelles des artistes. Cette r\u00e9union avait pour ordre du jour la mise en \u0153uvre des dispositions et proc\u00e9dures relatives \u00e0 la couverture m\u00e9dicale.<\/span><\/p>\n<p class=\"p1\"><span class=\"s1\">Elle s\u2019inscrit dans le cadre de l\u2019application des directives royales dans le domaine de la couverture sanitaire universelle, ainsi que dans la Haute sollicitude royale envers les artistes. A cette occasion, l\u2019accent a \u00e9t\u00e9 mis sur les acquis constitutionnels en mati\u00e8re de valorisation de la cr\u00e9ativit\u00e9 artistique et culturelle par tous les moyens possibles.<\/span><\/p>\n<p class=\"p1\"><span class=\"s1\">De m\u00eame un expos\u00e9 d\u00e9taill\u00e9 relatif aux mesures li\u00e9es au domaine de la sant\u00e9 a \u00e9t\u00e9 pr\u00e9sent\u00e9. Pour leur part, les repr\u00e9sentants des organisations professionnelles et des syndicats membres de la commission de la carte professionnelle ont insist\u00e9 sur la n\u00e9cessit\u00e9 d\u2019acc\u00e9l\u00e9rer la mise en \u0153uvre de ces mesures, qui auront un impact positif sur la situation sociale de l\u2019artiste.<\/span><\/p>\n<p class=\"p1\"><span class=\"s1\">De leur c\u00f4t\u00e9 les repr\u00e9sentants des instances professionnelles et syndicales, membres de la commission d\u2019octroi de la carte professionnelle, ont soulign\u00e9 l\u2019importance de ces mesures et ont insist\u00e9 sur la n\u00e9cessit\u00e9 d\u2019acc\u00e9l\u00e9rer la mise en \u0153uvre de ces mesures, qui auront un impact positif sur la situation sociale de l\u2019artiste.<\/span><\/p>\n<\/div>\n<p>Auteur: ALM<br \/>\n<a href=\"http:\/\/aujourdhui.ma\/societe\/la-couverture-medicale-pour-les-artistes-au-centre-dune-reunion-a-rabat\">Cliquez ici pour lire l&rsquo;article depuis sa source.<\/a><\/p>\n","protected":false},"excerpt":{"rendered":"<p>Un premier pas vers la couverture m\u00e9dicale des artistes vient d\u2019\u00eatre franchi.\u00a0 Une r\u00e9union des ministres de la sant\u00e9 et de la culture et de la communication s\u2019est tenue le mercredi 3 avril 2019 au si\u00e8ge du d\u00e9partement de la sant\u00e9. Cette r\u00e9union s\u2019est d\u00e9roul\u00e9e en pr\u00e9sence du repr\u00e9sentant de la Caisse nationale de s\u00e9curit\u00e9 [&hellip;]<\/p>\n","protected":false},"author":1759,"featured_media":0,"comment_status":"closed","ping_status":"closed","sticky":false,"template":"","format":"standard","meta":{"fifu_image_url":"","fifu_image_alt":"","footnotes":""},"categories":[73,54],"tags":[],"class_list":["post-26255","post","type-post","status-publish","format-standard","hentry","category-actualite","category-maroc"],"_links":{"self":[{"href":"https:\/\/linitiative.ca\/International\/wp-json\/wp\/v2\/posts\/26255","targetHints":{"allow":["GET"]}}],"collection":[{"href":"https:\/\/linitiative.ca\/International\/wp-json\/wp\/v2\/posts"}],"about":[{"href":"https:\/\/linitiative.ca\/International\/wp-json\/wp\/v2\/types\/post"}],"author":[{"embeddable":true,"href":"https:\/\/linitiative.ca\/International\/wp-json\/wp\/v2\/users\/1759"}],"replies":[{"embeddable":true,"href":"https:\/\/linitiative.ca\/International\/wp-json\/wp\/v2\/comments?post=26255"}],"version-history":[{"count":0,"href":"https:\/\/linitiative.ca\/International\/wp-json\/wp\/v2\/posts\/26255\/revisions"}],"wp:attachment":[{"href":"https:\/\/linitiative.ca\/International\/wp-json\/wp\/v2\/media?parent=26255"}],"wp:term":[{"taxonomy":"category","embeddable":true,"href":"https:\/\/linitiative.ca\/International\/wp-json\/wp\/v2\/categories?post=26255"},{"taxonomy":"post_tag","embeddable":true,"href":"https:\/\/linitiative.ca\/International\/wp-json\/wp\/v2\/tags?post=26255"}],"curies":[{"name":"wp","href":"https:\/\/api.w.org\/{rel}","templated":true}]}}