{"id":26257,"date":"2019-04-06T06:00:00","date_gmt":"2019-04-06T10:00:00","guid":{"rendered":"https:\/\/linitiative.ca\/International\/lappel-interesse-du-gouvernement-bedoui\/"},"modified":"2019-04-06T06:00:00","modified_gmt":"2019-04-06T10:00:00","slug":"lappel-interesse-du-gouvernement-bedoui","status":"publish","type":"post","link":"https:\/\/linitiative.ca\/International\/lappel-interesse-du-gouvernement-bedoui\/","title":{"rendered":"L\u2019appel int\u00e9ress\u00e9 du gouvernement Bedoui"},"content":{"rendered":"<div id=\"originalText\" readability=\"50\">\n<p>Le gouvernement Bedoui, qui a inform\u00e9 mercredi, lors de sa r\u00e9union, qu\u2019il allait examiner les dossiers d\u2019agr\u00e9ment de partis politiques qui ont moisi dans les tiroirs du minist\u00e8re de l\u2019Int\u00e9rieur, a encha\u00een\u00e9 jeudi avec quasiment un appel-encouragement \u00e0 la cr\u00e9ation de partis. En effet, le minist\u00e8re de l&rsquo;Int\u00e9rieur, des Collectivit\u00e9s locales et de l&rsquo;Am\u00e9nagement du territoire a inform\u00e9 l&rsquo;ensemble des citoyens d\u00e9sirant cr\u00e9er un parti politique ou une association \u00e0 caract\u00e8re national ou interwilayal que le d\u00e9p\u00f4t des dossiers se fait tous les jours de la semaine au niveau de la direction g\u00e9n\u00e9rale des libert\u00e9s publiques et des\u00a0 affaires juridiques (Palais du gouvernement).Selon la m\u00eame source, les parties int\u00e9ress\u00e9es doivent pr\u00e9senter, au cas par cas, les documents requis par les lois en vigueur et qui sont\u00a0 consultables sur le portail \u00e9lectronique du minist\u00e8re (la vie associative et politique): www.interieur.gov.dz ou en t\u00e9l\u00e9chargeant l&rsquo;application\u00a0 mobile (idjraati) disponible sur le m\u00eame lien.\u00a0<\/p>\n<p>Concernant les dossiers d\u00e9j\u00e0 d\u00e9pos\u00e9s et dont les d\u00e9marches ne sont pas encore parachev\u00e9es, le minist\u00e8re appelle les concern\u00e9s \u00e0 se rapprocher de la m\u00eame direction g\u00e9n\u00e9rale en vue d&rsquo;actualiser et de parachever ces proc\u00e9dures.Le minist\u00e8re de l&rsquo;Int\u00e9rieur a \u201cinstruit les autorit\u00e9s locales (wilayas et APC) pour faciliter les d\u00e9marches de cr\u00e9ation des associations locales \u00e0\u00a0 m\u00eame d\u2019acc\u00e9l\u00e9rer l&rsquo;\u00e9tude de leur conformit\u00e9 selon les d\u00e9lais l\u00e9gaux arr\u00eat\u00e9s\u201d.<br \/>\u00a0<\/p>\n<p class=\"c10\"><strong>R. N.\/APS<\/strong><\/p>\n<\/div>\n<div id=\"text_core\" readability=\"50\">\n<p>Le gouvernement Bedoui, qui a inform\u00e9 mercredi, lors de sa r\u00e9union, qu\u2019il allait examiner les dossiers d\u2019agr\u00e9ment de partis politiques qui ont moisi dans les tiroirs du minist\u00e8re de l\u2019Int\u00e9rieur, a encha\u00een\u00e9 jeudi avec quasiment un appel-encouragement \u00e0 la cr\u00e9ation de partis. En effet, le minist\u00e8re de l&rsquo;Int\u00e9rieur, des Collectivit\u00e9s locales et de l&rsquo;Am\u00e9nagement du territoire a inform\u00e9 l&rsquo;ensemble des citoyens d\u00e9sirant cr\u00e9er un parti politique ou une association \u00e0 caract\u00e8re national ou interwilayal que le d\u00e9p\u00f4t des dossiers se fait tous les jours de la semaine au niveau de la direction g\u00e9n\u00e9rale des libert\u00e9s publiques et des\u00a0 affaires juridiques (Palais du gouvernement).Selon la m\u00eame source, les parties int\u00e9ress\u00e9es doivent pr\u00e9senter, au cas par cas, les documents requis par les lois en vigueur et qui sont\u00a0 consultables sur le portail \u00e9lectronique du minist\u00e8re (la vie associative et politique): www.interieur.gov.dz ou en t\u00e9l\u00e9chargeant l&rsquo;application\u00a0 mobile (idjraati) disponible sur le m\u00eame lien.\u00a0<\/p>\n<p>Concernant les dossiers d\u00e9j\u00e0 d\u00e9pos\u00e9s et dont les d\u00e9marches ne sont pas encore parachev\u00e9es, le minist\u00e8re appelle les concern\u00e9s \u00e0 se rapprocher de la m\u00eame direction g\u00e9n\u00e9rale en vue d&rsquo;actualiser et de parachever ces proc\u00e9dures.Le minist\u00e8re de l&rsquo;Int\u00e9rieur a \u201cinstruit les autorit\u00e9s locales (wilayas et APC) pour faciliter les d\u00e9marches de cr\u00e9ation des associations locales \u00e0\u00a0 m\u00eame d\u2019acc\u00e9l\u00e9rer l&rsquo;\u00e9tude de leur conformit\u00e9 selon les d\u00e9lais l\u00e9gaux arr\u00eat\u00e9s\u201d.<br \/>\u00a0<\/p>\n<p class=\"c10\"><strong>R. N.\/APS<\/strong><\/p>\n<\/div>\n<p>Auteur:<br \/>\n<a href=\"https:\/\/www.liberte-algerie.com\/actualite\/lappel-interesse-du-gouvernement-bedoui-313132\">Cliquez ici pour lire l&rsquo;article depuis sa source.<\/a><\/p>\n","protected":false},"excerpt":{"rendered":"<p>Le gouvernement Bedoui, qui a inform\u00e9 mercredi, lors de sa r\u00e9union, qu\u2019il allait examiner les dossiers d\u2019agr\u00e9ment de partis politiques qui ont moisi dans les tiroirs du minist\u00e8re de l\u2019Int\u00e9rieur, a encha\u00een\u00e9 jeudi avec quasiment un appel-encouragement \u00e0 la cr\u00e9ation de partis. En effet, le minist\u00e8re de l&rsquo;Int\u00e9rieur, des Collectivit\u00e9s locales et de l&rsquo;Am\u00e9nagement du [&hellip;]<\/p>\n","protected":false},"author":1742,"featured_media":0,"comment_status":"closed","ping_status":"closed","sticky":false,"template":"","format":"standard","meta":{"fifu_image_url":"","fifu_image_alt":"","footnotes":""},"categories":[73,53],"tags":[],"class_list":["post-26257","post","type-post","status-publish","format-standard","hentry","category-actualite","category-algerie"],"_links":{"self":[{"href":"https:\/\/linitiative.ca\/International\/wp-json\/wp\/v2\/posts\/26257","targetHints":{"allow":["GET"]}}],"collection":[{"href":"https:\/\/linitiative.ca\/International\/wp-json\/wp\/v2\/posts"}],"about":[{"href":"https:\/\/linitiative.ca\/International\/wp-json\/wp\/v2\/types\/post"}],"author":[{"embeddable":true,"href":"https:\/\/linitiative.ca\/International\/wp-json\/wp\/v2\/users\/1742"}],"replies":[{"embeddable":true,"href":"https:\/\/linitiative.ca\/International\/wp-json\/wp\/v2\/comments?post=26257"}],"version-history":[{"count":0,"href":"https:\/\/linitiative.ca\/International\/wp-json\/wp\/v2\/posts\/26257\/revisions"}],"wp:attachment":[{"href":"https:\/\/linitiative.ca\/International\/wp-json\/wp\/v2\/media?parent=26257"}],"wp:term":[{"taxonomy":"category","embeddable":true,"href":"https:\/\/linitiative.ca\/International\/wp-json\/wp\/v2\/categories?post=26257"},{"taxonomy":"post_tag","embeddable":true,"href":"https:\/\/linitiative.ca\/International\/wp-json\/wp\/v2\/tags?post=26257"}],"curies":[{"name":"wp","href":"https:\/\/api.w.org\/{rel}","templated":true}]}}