{"id":26260,"date":"2019-04-06T06:00:00","date_gmt":"2019-04-06T10:00:00","guid":{"rendered":"https:\/\/linitiative.ca\/International\/pompeo-naura-pas-le-prix-james-foley\/"},"modified":"2019-04-06T06:00:00","modified_gmt":"2019-04-06T10:00:00","slug":"pompeo-naura-pas-le-prix-james-foley","status":"publish","type":"post","link":"https:\/\/linitiative.ca\/International\/pompeo-naura-pas-le-prix-james-foley\/","title":{"rendered":"Pompeo n\u2019aura pas le prix James Foley"},"content":{"rendered":"<div id=\"originalText\" readability=\"51\">\n<p>La Fondation James Foley, du nom d&rsquo;un journaliste am\u00e9ricain tu\u00e9 par le groupe \u00c9tat islamique, a d\u00e9cid\u00e9 \u00e0 la derni\u00e8re minute de ne pas d\u00e9cerner un prestigieux prix au secr\u00e9taire d&rsquo;\u00c9tat Mike Pompeo, invoquant l&rsquo;attitude de Washington face au meurtre de Jamal Khashoggi. Le chef de la diplomatie des \u00c9tats-Unis avait initialement \u00e9t\u00e9 choisi pour recevoir le prix attribu\u00e9 chaque ann\u00e9e \u00e0 un \u00e9minent d\u00e9fenseur de la cause des otages.<br \/>Mais la fondation, cr\u00e9\u00e9e par la m\u00e8re de James Foley, d\u00e9capit\u00e9 en Syrie en 2014 apr\u00e8s avoir \u00e9t\u00e9 otage du groupe jihadiste, a chang\u00e9 d&rsquo;avis et a m\u00eame retir\u00e9 son invitation \u00e0 l&rsquo;int\u00e9ress\u00e9 pour la soir\u00e9e du 2 avril. Ces derniers jours, des m\u00e9dias, ainsi que Mike Pompeo lui-m\u00eame, ont rapport\u00e9 que cette volte-face \u00e9tait li\u00e9e \u00e0 des pressions. \u201cIl semble que certains m\u00e9dias qui financent l&rsquo;\u00e9v\u00e9nement, des sponsors de l&rsquo;\u00e9v\u00e9nement, ont dit que si Pompeo est l\u00e0, nous ne venons pas\u201d, a dit le secr\u00e9taire d&rsquo;\u00c9tat hier sur la cha\u00eene Fox News. \u201cC&rsquo;est triste\u201d, \u201cle retour de nos otages n&rsquo;est pas une question partisane\u201d, a-t-il plaid\u00e9. Dans un communiqu\u00e9 \u00e9galement publi\u00e9 hier, la fondation a livr\u00e9 une autre version. Elle affirme avoir chang\u00e9 d&rsquo;avis car \u201cl&rsquo;administration n&rsquo;a pas fait pression pour que le gouvernement saoudien rende vraiment des comptes pour le meurtre brutal du journaliste Jamal Khashoggi\u201d.<\/p>\n<\/div>\n<div id=\"text_core\" readability=\"51\">\n<p>La Fondation James Foley, du nom d&rsquo;un journaliste am\u00e9ricain tu\u00e9 par le groupe \u00c9tat islamique, a d\u00e9cid\u00e9 \u00e0 la derni\u00e8re minute de ne pas d\u00e9cerner un prestigieux prix au secr\u00e9taire d&rsquo;\u00c9tat Mike Pompeo, invoquant l&rsquo;attitude de Washington face au meurtre de Jamal Khashoggi. Le chef de la diplomatie des \u00c9tats-Unis avait initialement \u00e9t\u00e9 choisi pour recevoir le prix attribu\u00e9 chaque ann\u00e9e \u00e0 un \u00e9minent d\u00e9fenseur de la cause des otages.<br \/>Mais la fondation, cr\u00e9\u00e9e par la m\u00e8re de James Foley, d\u00e9capit\u00e9 en Syrie en 2014 apr\u00e8s avoir \u00e9t\u00e9 otage du groupe jihadiste, a chang\u00e9 d&rsquo;avis et a m\u00eame retir\u00e9 son invitation \u00e0 l&rsquo;int\u00e9ress\u00e9 pour la soir\u00e9e du 2 avril. Ces derniers jours, des m\u00e9dias, ainsi que Mike Pompeo lui-m\u00eame, ont rapport\u00e9 que cette volte-face \u00e9tait li\u00e9e \u00e0 des pressions. \u201cIl semble que certains m\u00e9dias qui financent l&rsquo;\u00e9v\u00e9nement, des sponsors de l&rsquo;\u00e9v\u00e9nement, ont dit que si Pompeo est l\u00e0, nous ne venons pas\u201d, a dit le secr\u00e9taire d&rsquo;\u00c9tat hier sur la cha\u00eene Fox News. \u201cC&rsquo;est triste\u201d, \u201cle retour de nos otages n&rsquo;est pas une question partisane\u201d, a-t-il plaid\u00e9. Dans un communiqu\u00e9 \u00e9galement publi\u00e9 hier, la fondation a livr\u00e9 une autre version. Elle affirme avoir chang\u00e9 d&rsquo;avis car \u201cl&rsquo;administration n&rsquo;a pas fait pression pour que le gouvernement saoudien rende vraiment des comptes pour le meurtre brutal du journaliste Jamal Khashoggi\u201d.<\/p>\n<\/div>\n<p>Auteur:<br \/>\n<a href=\"https:\/\/www.liberte-algerie.com\/actualite\/pompeo-naura-pas-le-prix-james-foley-313129\">Cliquez ici pour lire l&rsquo;article depuis sa source.<\/a><\/p>\n","protected":false},"excerpt":{"rendered":"<p>La Fondation James Foley, du nom d&rsquo;un journaliste am\u00e9ricain tu\u00e9 par le groupe \u00c9tat islamique, a d\u00e9cid\u00e9 \u00e0 la derni\u00e8re minute de ne pas d\u00e9cerner un prestigieux prix au secr\u00e9taire d&rsquo;\u00c9tat Mike Pompeo, invoquant l&rsquo;attitude de Washington face au meurtre de Jamal Khashoggi. Le chef de la diplomatie des \u00c9tats-Unis avait initialement \u00e9t\u00e9 choisi pour [&hellip;]<\/p>\n","protected":false},"author":1742,"featured_media":0,"comment_status":"closed","ping_status":"closed","sticky":false,"template":"","format":"standard","meta":{"fifu_image_url":"","fifu_image_alt":"","footnotes":""},"categories":[73,53],"tags":[],"class_list":["post-26260","post","type-post","status-publish","format-standard","hentry","category-actualite","category-algerie"],"_links":{"self":[{"href":"https:\/\/linitiative.ca\/International\/wp-json\/wp\/v2\/posts\/26260","targetHints":{"allow":["GET"]}}],"collection":[{"href":"https:\/\/linitiative.ca\/International\/wp-json\/wp\/v2\/posts"}],"about":[{"href":"https:\/\/linitiative.ca\/International\/wp-json\/wp\/v2\/types\/post"}],"author":[{"embeddable":true,"href":"https:\/\/linitiative.ca\/International\/wp-json\/wp\/v2\/users\/1742"}],"replies":[{"embeddable":true,"href":"https:\/\/linitiative.ca\/International\/wp-json\/wp\/v2\/comments?post=26260"}],"version-history":[{"count":0,"href":"https:\/\/linitiative.ca\/International\/wp-json\/wp\/v2\/posts\/26260\/revisions"}],"wp:attachment":[{"href":"https:\/\/linitiative.ca\/International\/wp-json\/wp\/v2\/media?parent=26260"}],"wp:term":[{"taxonomy":"category","embeddable":true,"href":"https:\/\/linitiative.ca\/International\/wp-json\/wp\/v2\/categories?post=26260"},{"taxonomy":"post_tag","embeddable":true,"href":"https:\/\/linitiative.ca\/International\/wp-json\/wp\/v2\/tags?post=26260"}],"curies":[{"name":"wp","href":"https:\/\/api.w.org\/{rel}","templated":true}]}}