{"id":26261,"date":"2019-04-06T06:00:00","date_gmt":"2019-04-06T10:00:00","guid":{"rendered":"https:\/\/linitiative.ca\/International\/le-secretaire-general-du-cla-terrasse-par-une-crise-cardiaque\/"},"modified":"2019-04-06T06:00:00","modified_gmt":"2019-04-06T10:00:00","slug":"le-secretaire-general-du-cla-terrasse-par-une-crise-cardiaque","status":"publish","type":"post","link":"https:\/\/linitiative.ca\/International\/le-secretaire-general-du-cla-terrasse-par-une-crise-cardiaque\/","title":{"rendered":"Le secr\u00e9taire g\u00e9n\u00e9ral du CLA terrass\u00e9 par une crise cardiaque"},"content":{"rendered":"<div id=\"originalText\" readability=\"71\">\n<p>Le secr\u00e9taire g\u00e9n\u00e9ral du Conseil des lyc\u00e9es d\u2019Alg\u00e9rie (CLA),Idir Achour, a \u00e9t\u00e9 terrass\u00e9 par une crise cardiaque dans la matin\u00e9e du jeudi 4 avril. Le d\u00e9funt syndicaliste a \u00e9t\u00e9 retrouv\u00e9 mort dans sa chambre par ses proches parents.La nouvelle de sa disparition, qui a vite fait le tour des r\u00e9seaux sociaux, ce week-end, a suscit\u00e9 douleur et consternation au sein de la famille \u00e9ducative, notamment chez ses camarades syndicalistes.\u00a0<\/p>\n<p>Math\u00e9maticien de formation, cet enseignant de comptabilit\u00e9 au lyc\u00e9e El-Hammadia (ex-Polyvalent) de B\u00e9ja\u00efa avait \u00e9t\u00e9 \u00e9lu \u00e0 la t\u00eate du CLA, en 2007, apr\u00e8s le d\u00e9c\u00e8s de son pr\u00e9d\u00e9cesseur, Redouane Osmane.\u00a0<br \/>Outre son militantisme syndical, Idir Achour \u00e9tait cadre du Parti socialiste des travailleurs (PST), sous la banni\u00e8re duquel il a \u00e9t\u00e9 \u00e9lu, en novembre 2017, \u00e0 l\u2019APC de Tichy.<br \/>\u201cLa mort subite d\u2019Idir Achour nous a beaucoup afflig\u00e9s. Nous gardons de lui l&rsquo;image d&rsquo;un homme plein de qualit\u00e9s humaines. C&rsquo;est l&rsquo;un des meilleurs syndicalistes que nous ayons connu\u201d, \u00e9crit, dans\u00a0<br \/>une d\u00e9claration, l&rsquo;animateur du Caf\u00e9 litt\u00e9raire de B\u00e9ja\u00efa, Kader Sadji. Le porte-parole du Satef de B\u00e9ja\u00efa, Nabil Ferguenis, note sur sa page facebook que le d\u00e9funt lui avait signifi\u00e9 \u00e0 propos de la fameuse \u201cCharte d&rsquo;\u00e9thique\u201d de Nouria Benghabrit : \u201cOn ne n\u00e9gocie gu\u00e8re le droit \u00e0 la gr\u00e8ve !\u201d De son c\u00f4t\u00e9, le coordinateur national du Snapest, Meziane Meriane, t\u00e9moigne que le regrett\u00e9 Idir Achour \u00e9tait \u201cun syndicaliste infatigable, p\u00e9tri de principes solides. Nous garderons de lui un souvenir ineffa\u00e7able, au vu de son engagement sans faille pour les couches d\u00e9favoris\u00e9es\u201d. Notons, enfin, que les obs\u00e8ques du syndicaliste ont eu lieu, hier, dans son village natal, Tizi Ouaklane, sur les hauteurs de Tichy.<br \/>\u00a0<\/p>\n<p class=\"c10\"><strong>KAMAL OUHNIA<\/strong><\/p>\n<\/div>\n<div id=\"text_core\" readability=\"71\">\n<p>Le secr\u00e9taire g\u00e9n\u00e9ral du Conseil des lyc\u00e9es d\u2019Alg\u00e9rie (CLA),Idir Achour, a \u00e9t\u00e9 terrass\u00e9 par une crise cardiaque dans la matin\u00e9e du jeudi 4 avril. Le d\u00e9funt syndicaliste a \u00e9t\u00e9 retrouv\u00e9 mort dans sa chambre par ses proches parents.La nouvelle de sa disparition, qui a vite fait le tour des r\u00e9seaux sociaux, ce week-end, a suscit\u00e9 douleur et consternation au sein de la famille \u00e9ducative, notamment chez ses camarades syndicalistes.\u00a0<\/p>\n<p>Math\u00e9maticien de formation, cet enseignant de comptabilit\u00e9 au lyc\u00e9e El-Hammadia (ex-Polyvalent) de B\u00e9ja\u00efa avait \u00e9t\u00e9 \u00e9lu \u00e0 la t\u00eate du CLA, en 2007, apr\u00e8s le d\u00e9c\u00e8s de son pr\u00e9d\u00e9cesseur, Redouane Osmane.\u00a0<br \/>Outre son militantisme syndical, Idir Achour \u00e9tait cadre du Parti socialiste des travailleurs (PST), sous la banni\u00e8re duquel il a \u00e9t\u00e9 \u00e9lu, en novembre 2017, \u00e0 l\u2019APC de Tichy.<br \/>\u201cLa mort subite d\u2019Idir Achour nous a beaucoup afflig\u00e9s. Nous gardons de lui l&rsquo;image d&rsquo;un homme plein de qualit\u00e9s humaines. C&rsquo;est l&rsquo;un des meilleurs syndicalistes que nous ayons connu\u201d, \u00e9crit, dans\u00a0<br \/>une d\u00e9claration, l&rsquo;animateur du Caf\u00e9 litt\u00e9raire de B\u00e9ja\u00efa, Kader Sadji. Le porte-parole du Satef de B\u00e9ja\u00efa, Nabil Ferguenis, note sur sa page facebook que le d\u00e9funt lui avait signifi\u00e9 \u00e0 propos de la fameuse \u201cCharte d&rsquo;\u00e9thique\u201d de Nouria Benghabrit : \u201cOn ne n\u00e9gocie gu\u00e8re le droit \u00e0 la gr\u00e8ve !\u201d De son c\u00f4t\u00e9, le coordinateur national du Snapest, Meziane Meriane, t\u00e9moigne que le regrett\u00e9 Idir Achour \u00e9tait \u201cun syndicaliste infatigable, p\u00e9tri de principes solides. Nous garderons de lui un souvenir ineffa\u00e7able, au vu de son engagement sans faille pour les couches d\u00e9favoris\u00e9es\u201d. Notons, enfin, que les obs\u00e8ques du syndicaliste ont eu lieu, hier, dans son village natal, Tizi Ouaklane, sur les hauteurs de Tichy.<br \/>\u00a0<\/p>\n<p class=\"c10\"><strong>KAMAL OUHNIA<\/strong><\/p>\n<\/div>\n<p>Auteur:<br \/>\n<a href=\"https:\/\/www.liberte-algerie.com\/actualite\/le-secretaire-general-du-cla-terrasse-par-une-crise-cardiaque-313128\">Cliquez ici pour lire l&rsquo;article depuis sa source.<\/a><\/p>\n","protected":false},"excerpt":{"rendered":"<p>Le secr\u00e9taire g\u00e9n\u00e9ral du Conseil des lyc\u00e9es d\u2019Alg\u00e9rie (CLA),Idir Achour, a \u00e9t\u00e9 terrass\u00e9 par une crise cardiaque dans la matin\u00e9e du jeudi 4 avril. Le d\u00e9funt syndicaliste a \u00e9t\u00e9 retrouv\u00e9 mort dans sa chambre par ses proches parents.La nouvelle de sa disparition, qui a vite fait le tour des r\u00e9seaux sociaux, ce week-end, a suscit\u00e9 [&hellip;]<\/p>\n","protected":false},"author":1742,"featured_media":0,"comment_status":"closed","ping_status":"closed","sticky":false,"template":"","format":"standard","meta":{"fifu_image_url":"","fifu_image_alt":"","footnotes":""},"categories":[73,53],"tags":[],"class_list":["post-26261","post","type-post","status-publish","format-standard","hentry","category-actualite","category-algerie"],"_links":{"self":[{"href":"https:\/\/linitiative.ca\/International\/wp-json\/wp\/v2\/posts\/26261","targetHints":{"allow":["GET"]}}],"collection":[{"href":"https:\/\/linitiative.ca\/International\/wp-json\/wp\/v2\/posts"}],"about":[{"href":"https:\/\/linitiative.ca\/International\/wp-json\/wp\/v2\/types\/post"}],"author":[{"embeddable":true,"href":"https:\/\/linitiative.ca\/International\/wp-json\/wp\/v2\/users\/1742"}],"replies":[{"embeddable":true,"href":"https:\/\/linitiative.ca\/International\/wp-json\/wp\/v2\/comments?post=26261"}],"version-history":[{"count":0,"href":"https:\/\/linitiative.ca\/International\/wp-json\/wp\/v2\/posts\/26261\/revisions"}],"wp:attachment":[{"href":"https:\/\/linitiative.ca\/International\/wp-json\/wp\/v2\/media?parent=26261"}],"wp:term":[{"taxonomy":"category","embeddable":true,"href":"https:\/\/linitiative.ca\/International\/wp-json\/wp\/v2\/categories?post=26261"},{"taxonomy":"post_tag","embeddable":true,"href":"https:\/\/linitiative.ca\/International\/wp-json\/wp\/v2\/tags?post=26261"}],"curies":[{"name":"wp","href":"https:\/\/api.w.org\/{rel}","templated":true}]}}