{"id":26262,"date":"2019-04-06T06:00:00","date_gmt":"2019-04-06T10:00:00","guid":{"rendered":"https:\/\/linitiative.ca\/International\/lhommage-dabdelkader-khemri\/"},"modified":"2019-04-06T06:00:00","modified_gmt":"2019-04-06T10:00:00","slug":"lhommage-dabdelkader-khemri","status":"publish","type":"post","link":"https:\/\/linitiative.ca\/International\/lhommage-dabdelkader-khemri\/","title":{"rendered":"L\u2019hommage d\u2019Abdelkader Khemri"},"content":{"rendered":"<div id=\"originalText\" readability=\"46\">\n<p>L\u2019ancien ministre du Travail et ancien ambassadeur, Abdelkader Khemri, a tenu \u00e0 rendre hommage au d\u00e9funt Idir Achour. Dans un message transmis \u00e0 Libert\u00e9, l\u2019ancien ministre a soulign\u00e9 que \u201cc&rsquo;est avec une immense tristesse\u201d qu\u2019il a appris le d\u00e9c\u00e8s d\u2019Idir Achour. \u201cDurant l&rsquo;exercice de mes fonctions, je peux t\u00e9moigner que j&rsquo;ai eu \u00e0 rencontrer un \u00eatre affable, un militant d\u00e9vou\u00e9 et surtout un homme d&rsquo;une grande \u00e9thique et probit\u00e9 intellectuelles\u201d, t\u00e9moigne l\u2019ancien ministre qui assure, a-t-il dit, \u201cla famille du d\u00e9funt, la famille de l\u2019\u00e9ducation nationale et le mouvement syndical\u201d, que le d\u00e9funt \u201ca repr\u00e9sent\u00e9s dignement et sans concession\u201d, de son total soutien.<br \/>\u00a0<\/p>\n<p class=\"c10\"><strong>M. M.<\/strong><br \/>\u00a0<\/p>\n<\/div>\n<div id=\"text_core\" readability=\"46\">\n<p>L\u2019ancien ministre du Travail et ancien ambassadeur, Abdelkader Khemri, a tenu \u00e0 rendre hommage au d\u00e9funt Idir Achour. Dans un message transmis \u00e0 Libert\u00e9, l\u2019ancien ministre a soulign\u00e9 que \u201cc&rsquo;est avec une immense tristesse\u201d qu\u2019il a appris le d\u00e9c\u00e8s d\u2019Idir Achour. \u201cDurant l&rsquo;exercice de mes fonctions, je peux t\u00e9moigner que j&rsquo;ai eu \u00e0 rencontrer un \u00eatre affable, un militant d\u00e9vou\u00e9 et surtout un homme d&rsquo;une grande \u00e9thique et probit\u00e9 intellectuelles\u201d, t\u00e9moigne l\u2019ancien ministre qui assure, a-t-il dit, \u201cla famille du d\u00e9funt, la famille de l\u2019\u00e9ducation nationale et le mouvement syndical\u201d, que le d\u00e9funt \u201ca repr\u00e9sent\u00e9s dignement et sans concession\u201d, de son total soutien.<br \/>\u00a0<\/p>\n<p class=\"c10\"><strong>M. M.<\/strong><br \/>\u00a0<\/p>\n<\/div>\n<p>Auteur:<br \/>\n<a href=\"https:\/\/www.liberte-algerie.com\/actualite\/lhommage-dabdelkader-khemri-313127\">Cliquez ici pour lire l&rsquo;article depuis sa source.<\/a><\/p>\n","protected":false},"excerpt":{"rendered":"<p>L\u2019ancien ministre du Travail et ancien ambassadeur, Abdelkader Khemri, a tenu \u00e0 rendre hommage au d\u00e9funt Idir Achour. Dans un message transmis \u00e0 Libert\u00e9, l\u2019ancien ministre a soulign\u00e9 que \u201cc&rsquo;est avec une immense tristesse\u201d qu\u2019il a appris le d\u00e9c\u00e8s d\u2019Idir Achour. \u201cDurant l&rsquo;exercice de mes fonctions, je peux t\u00e9moigner que j&rsquo;ai eu \u00e0 rencontrer un [&hellip;]<\/p>\n","protected":false},"author":1742,"featured_media":0,"comment_status":"closed","ping_status":"closed","sticky":false,"template":"","format":"standard","meta":{"fifu_image_url":"","fifu_image_alt":"","footnotes":""},"categories":[73,53],"tags":[],"class_list":["post-26262","post","type-post","status-publish","format-standard","hentry","category-actualite","category-algerie"],"_links":{"self":[{"href":"https:\/\/linitiative.ca\/International\/wp-json\/wp\/v2\/posts\/26262","targetHints":{"allow":["GET"]}}],"collection":[{"href":"https:\/\/linitiative.ca\/International\/wp-json\/wp\/v2\/posts"}],"about":[{"href":"https:\/\/linitiative.ca\/International\/wp-json\/wp\/v2\/types\/post"}],"author":[{"embeddable":true,"href":"https:\/\/linitiative.ca\/International\/wp-json\/wp\/v2\/users\/1742"}],"replies":[{"embeddable":true,"href":"https:\/\/linitiative.ca\/International\/wp-json\/wp\/v2\/comments?post=26262"}],"version-history":[{"count":0,"href":"https:\/\/linitiative.ca\/International\/wp-json\/wp\/v2\/posts\/26262\/revisions"}],"wp:attachment":[{"href":"https:\/\/linitiative.ca\/International\/wp-json\/wp\/v2\/media?parent=26262"}],"wp:term":[{"taxonomy":"category","embeddable":true,"href":"https:\/\/linitiative.ca\/International\/wp-json\/wp\/v2\/categories?post=26262"},{"taxonomy":"post_tag","embeddable":true,"href":"https:\/\/linitiative.ca\/International\/wp-json\/wp\/v2\/tags?post=26262"}],"curies":[{"name":"wp","href":"https:\/\/api.w.org\/{rel}","templated":true}]}}