{"id":26266,"date":"2019-04-06T12:07:00","date_gmt":"2019-04-06T16:07:00","guid":{"rendered":"https:\/\/linitiative.ca\/International\/caid-essebsi-ne-briguera-pas-un-autre-mandat\/"},"modified":"2019-04-06T12:07:00","modified_gmt":"2019-04-06T16:07:00","slug":"caid-essebsi-ne-briguera-pas-un-autre-mandat","status":"publish","type":"post","link":"https:\/\/linitiative.ca\/International\/caid-essebsi-ne-briguera-pas-un-autre-mandat\/","title":{"rendered":"Ca\u00efd Essebsi ne briguera pas un autre mandat"},"content":{"rendered":"<div id=\"originalText\" readability=\"50\">\n<p>Le pr\u00e9sident tunisien B\u00e9ji Ca\u00efd Essebsi a confirm\u00e9, samedi, devant son parti qu&rsquo;il ne sera pas candidat \u00e0 l&rsquo;\u00e9lection pr\u00e9sidentielle du 17 novembre, rapporte l\u2019AFP.<\/p>\n<p>\u00c0 92 ans, celui qui est depuis 2014 le premier pr\u00e9sident \u00e9lu d\u00e9mocratiquement au suffrage universel en Tunisie, a fait cette annonce devant un congr\u00e8s de son parti Nidaa Toun\u00e8s.<\/p>\n<p>\u00ab\u00a0En toute honn\u00eatet\u00e9, je ne pense pas que je vais me repr\u00e9senter, car il faut ouvrir la porte aux jeunes\u00a0\u00bb, a-t-il annonc\u00e9, alors que son parti l&rsquo;a pr\u00e9sent\u00e9 \u00e0 plusieurs reprises comme le meilleur candidat possible, selon toujours l\u2019agence de presse fran\u00e7aise.<\/p>\n<p class=\"c10\"><strong>R\u00e9daction Web<\/strong><\/p>\n<\/div>\n<div id=\"text_core\" readability=\"50\">\n<p>Le pr\u00e9sident tunisien B\u00e9ji Ca\u00efd Essebsi a confirm\u00e9, samedi, devant son parti qu&rsquo;il ne sera pas candidat \u00e0 l&rsquo;\u00e9lection pr\u00e9sidentielle du 17 novembre, rapporte l\u2019AFP.<\/p>\n<p>\u00c0 92 ans, celui qui est depuis 2014 le premier pr\u00e9sident \u00e9lu d\u00e9mocratiquement au suffrage universel en Tunisie, a fait cette annonce devant un congr\u00e8s de son parti Nidaa Toun\u00e8s.<\/p>\n<p>\u00ab\u00a0En toute honn\u00eatet\u00e9, je ne pense pas que je vais me repr\u00e9senter, car il faut ouvrir la porte aux jeunes\u00a0\u00bb, a-t-il annonc\u00e9, alors que son parti l&rsquo;a pr\u00e9sent\u00e9 \u00e0 plusieurs reprises comme le meilleur candidat possible, selon toujours l\u2019agence de presse fran\u00e7aise.<\/p>\n<p class=\"c10\"><strong>R\u00e9daction Web<\/strong><\/p>\n<\/div>\n<p>Auteur:<br \/>\n<a href=\"https:\/\/www.liberte-algerie.com\/actualite\/caid-essebsi-ne-briguera-pas-un-autre-mandat-313208\">Cliquez ici pour lire l&rsquo;article depuis sa source.<\/a><\/p>\n","protected":false},"excerpt":{"rendered":"<p>Le pr\u00e9sident tunisien B\u00e9ji Ca\u00efd Essebsi a confirm\u00e9, samedi, devant son parti qu&rsquo;il ne sera pas candidat \u00e0 l&rsquo;\u00e9lection pr\u00e9sidentielle du 17 novembre, rapporte l\u2019AFP. \u00c0 92 ans, celui qui est depuis 2014 le premier pr\u00e9sident \u00e9lu d\u00e9mocratiquement au suffrage universel en Tunisie, a fait cette annonce devant un congr\u00e8s de son parti Nidaa Toun\u00e8s. [&hellip;]<\/p>\n","protected":false},"author":1742,"featured_media":0,"comment_status":"closed","ping_status":"closed","sticky":false,"template":"","format":"standard","meta":{"fifu_image_url":"","fifu_image_alt":"","footnotes":""},"categories":[73,53],"tags":[],"class_list":["post-26266","post","type-post","status-publish","format-standard","hentry","category-actualite","category-algerie"],"_links":{"self":[{"href":"https:\/\/linitiative.ca\/International\/wp-json\/wp\/v2\/posts\/26266","targetHints":{"allow":["GET"]}}],"collection":[{"href":"https:\/\/linitiative.ca\/International\/wp-json\/wp\/v2\/posts"}],"about":[{"href":"https:\/\/linitiative.ca\/International\/wp-json\/wp\/v2\/types\/post"}],"author":[{"embeddable":true,"href":"https:\/\/linitiative.ca\/International\/wp-json\/wp\/v2\/users\/1742"}],"replies":[{"embeddable":true,"href":"https:\/\/linitiative.ca\/International\/wp-json\/wp\/v2\/comments?post=26266"}],"version-history":[{"count":0,"href":"https:\/\/linitiative.ca\/International\/wp-json\/wp\/v2\/posts\/26266\/revisions"}],"wp:attachment":[{"href":"https:\/\/linitiative.ca\/International\/wp-json\/wp\/v2\/media?parent=26266"}],"wp:term":[{"taxonomy":"category","embeddable":true,"href":"https:\/\/linitiative.ca\/International\/wp-json\/wp\/v2\/categories?post=26266"},{"taxonomy":"post_tag","embeddable":true,"href":"https:\/\/linitiative.ca\/International\/wp-json\/wp\/v2\/tags?post=26266"}],"curies":[{"name":"wp","href":"https:\/\/api.w.org\/{rel}","templated":true}]}}