{"id":26268,"date":"2019-04-05T19:13:01","date_gmt":"2019-04-05T23:13:01","guid":{"rendered":"https:\/\/linitiative.ca\/International\/climat-la-realisation-des-odd-tributaire-de-lapplication-des-dispositions-de-laccord-de-paris-el-ouafi\/"},"modified":"2019-04-05T19:13:01","modified_gmt":"2019-04-05T23:13:01","slug":"climat-la-realisation-des-odd-tributaire-de-lapplication-des-dispositions-de-laccord-de-paris-el-ouafi","status":"publish","type":"post","link":"https:\/\/linitiative.ca\/International\/climat-la-realisation-des-odd-tributaire-de-lapplication-des-dispositions-de-laccord-de-paris-el-ouafi\/","title":{"rendered":"Climat: la r\u00e9alisation des ODD tributaire de l\u2019application des dispositions de l\u2019Accord de Paris (El Ouafi)"},"content":{"rendered":"<div readability=\"38\">\n<p>Marrakech \u2013 La r\u00e9alisation des objectifs de d\u00e9veloppement durable (ODD) \u00e0 l\u2019horizon 2030 est tributaire de l\u2019engagement de l\u2019ensemble des parties prenantes \u00e0 l\u2019application des dispositions de l\u2019Accord de Paris sur le climat, a soulign\u00e9, vendredi \u00e0 Marrakech, la Secr\u00e9taire d\u2019\u00c9tat charg\u00e9e du d\u00e9veloppement durable Nezha El Ouafi.<\/p>\n<\/div>\n<div readability=\"84\">\n<p>\u00ab\u00a0Les changements climatiques constituent l\u2019une des probl\u00e9matiques phares au niveau mondial qui n\u00e9cessite, maintenant plus que jamais, la consolidation des efforts en faveur de la mise en \u0153uvre des dispositions de l\u2019Accord de Paris sur le climat en vue d\u2019att\u00e9nuer les effets n\u00e9fastes de ce ph\u00e9nom\u00e8ne\u00a0\u00bb, a dit Mme El Ouafi lors d\u2019une conf\u00e9rence sur \u00ab\u00a0le r\u00f4le des changements climatiques dans la r\u00e9alisation des ODD\u00a0\u00bb, tenue en marge de la 44\u00e8me r\u00e9union annuelle de la BID.<\/p>\n<p>Au Maroc, a-t-elle poursuivi, la strat\u00e9gie \u00e9nerg\u00e9tique adopt\u00e9e en 2009 vise \u00e0 hisser la proportion des \u00e9nergies renouvelables \u00e0 12% du total de l\u2019\u00e9nergie primaire \u00e0 l\u2019horizon 2020 et \u00e0 20% en 2030, se f\u00e9licitant, \u00e0 cet effet, des efforts consentis par les autorit\u00e9s marocaines qui attachent une importance particuli\u00e8re \u00e0 la lutte contre les changements climatiques et les catastrophes naturelles.<\/p>\n<p>Mme El Ouafi a \u00e9galement pass\u00e9 en revue les diff\u00e9rents axes de la Strat\u00e9gie nationale de d\u00e9veloppement durable 2030, adopt\u00e9e par le Conseil des ministres en juin 2017 sous la pr\u00e9sidence de SM le Roi Mohammed VI, pr\u00e9cisant que cette strat\u00e9gie a permis d\u2019identifier sept enjeux prioritaires \u00e0 savoir, la gouvernance, l\u2019\u00e9conomie verte, la biodiversit\u00e9, les changements climatiques, les territoires sensibles, la coh\u00e9sion sociale et la culture.<\/p>\n<p>De son c\u00f4t\u00e9, le premier vice-pr\u00e9sident du groupe de la Banque mondiale (BM), Mahmoud Mohieldin, a soulign\u00e9 que les changements climatiques forcent les populations de certaines r\u00e9gions \u00e0 se d\u00e9placer, citant, dans ce sens, une \u00e9tude r\u00e9alis\u00e9e par la BM qui fait ressortir que 40 millions de personnes d\u00e9plac\u00e9es se trouvent essentiellement en Afrique subsaharienne.<\/p>\n<p>\u00ab\u00a0Il s\u2019agit d\u2019un indicateur clair sur la relation qui existe entre les changements climatiques et les autres d\u00e9fis \u00e9conomiques et politiques\u00a0\u00bb, a-t-il relev\u00e9. Et d\u2019ajouter que les plans socio-\u00e9conomiques devraient tenir compte du lien \u00e9troit entre les changements climatiques et les d\u00e9fis du d\u00e9veloppement durable.<\/p>\n<p>Organis\u00e9e du 03 au 06 avril sous le Haut Patronage de SM le Roi Mohammed VI, la 44\u00e8 r\u00e9union annuelle du Groupe de la BID traite de la th\u00e9matique de \u00ab\u00a0la transformation dans un monde en mouvement: un cheminement vers les Objectifs Durables de D\u00e9veloppement\u00a0\u00bb.<\/p>\n<\/div>\n<p>Auteur: Meriem IGASS<br \/>\n<a href=\"http:\/\/www.mapmarrakech.ma\/fr\/climat-la-realisation-des-odd-tributaire-de-lapplication-des-dispositions-de-laccord-de-paris-el-ouafi\/\">Cliquez ici pour lire l&rsquo;article depuis sa source.<\/a><\/p>\n","protected":false},"excerpt":{"rendered":"<p>Marrakech \u2013 La r\u00e9alisation des objectifs de d\u00e9veloppement durable (ODD) \u00e0 l\u2019horizon 2030 est tributaire de l\u2019engagement de l\u2019ensemble des parties prenantes \u00e0 l\u2019application des dispositions de l\u2019Accord de Paris sur le climat, a soulign\u00e9, vendredi \u00e0 Marrakech, la Secr\u00e9taire d\u2019\u00c9tat charg\u00e9e du d\u00e9veloppement durable Nezha El Ouafi. \u00ab\u00a0Les changements climatiques constituent l\u2019une des probl\u00e9matiques [&hellip;]<\/p>\n","protected":false},"author":1788,"featured_media":0,"comment_status":"closed","ping_status":"closed","sticky":false,"template":"","format":"standard","meta":{"fifu_image_url":"","fifu_image_alt":"","footnotes":""},"categories":[54,76],"tags":[],"class_list":["post-26268","post","type-post","status-publish","format-standard","hentry","category-maroc","category-regions"],"_links":{"self":[{"href":"https:\/\/linitiative.ca\/International\/wp-json\/wp\/v2\/posts\/26268","targetHints":{"allow":["GET"]}}],"collection":[{"href":"https:\/\/linitiative.ca\/International\/wp-json\/wp\/v2\/posts"}],"about":[{"href":"https:\/\/linitiative.ca\/International\/wp-json\/wp\/v2\/types\/post"}],"author":[{"embeddable":true,"href":"https:\/\/linitiative.ca\/International\/wp-json\/wp\/v2\/users\/1788"}],"replies":[{"embeddable":true,"href":"https:\/\/linitiative.ca\/International\/wp-json\/wp\/v2\/comments?post=26268"}],"version-history":[{"count":0,"href":"https:\/\/linitiative.ca\/International\/wp-json\/wp\/v2\/posts\/26268\/revisions"}],"wp:attachment":[{"href":"https:\/\/linitiative.ca\/International\/wp-json\/wp\/v2\/media?parent=26268"}],"wp:term":[{"taxonomy":"category","embeddable":true,"href":"https:\/\/linitiative.ca\/International\/wp-json\/wp\/v2\/categories?post=26268"},{"taxonomy":"post_tag","embeddable":true,"href":"https:\/\/linitiative.ca\/International\/wp-json\/wp\/v2\/tags?post=26268"}],"curies":[{"name":"wp","href":"https:\/\/api.w.org\/{rel}","templated":true}]}}