{"id":26271,"date":"2019-04-06T14:08:51","date_gmt":"2019-04-06T18:08:51","guid":{"rendered":"https:\/\/linitiative.ca\/International\/essaouira-fete-en-grande-pompe-la-poesie\/"},"modified":"2019-04-06T14:08:51","modified_gmt":"2019-04-06T18:08:51","slug":"essaouira-fete-en-grande-pompe-la-poesie","status":"publish","type":"post","link":"https:\/\/linitiative.ca\/International\/essaouira-fete-en-grande-pompe-la-poesie\/","title":{"rendered":"Essaouira f\u00eate en grande pompe la po\u00e9sie"},"content":{"rendered":"<p>La ville d\u2019Essaouira abrite, les 5 et 6 avril, la premi\u00e8re \u00e9dition du Festival International de la po\u00e9sie, une occasion de c\u00e9l\u00e9brer en grande pompe ce genre litt\u00e9raire.<\/p>\n<p>Initi\u00e9e par la direction provinciale de la culture avec la coordination de la Fondation \u00a0\u00bbAl Kalima\u00a0\u00bb pour la Culture et les Arts \u00e0 Safi, cette nouvelle \u00e9dition est plac\u00e9e sous le signe \u00a0\u00bbla po\u00e9sie et la mer\u00a0\u00bb, et intervient dans le cadre de la Journ\u00e9e Internationale de la Po\u00e9sie.<\/p>\n<p>Inscrite dans le cadre d\u2019un p\u00e9riple po\u00e9tique programm\u00e9 \u00e0 travers plusieurs villes du Royaume \u00e0 savoir: Safi, El Youssoufia, El Jadida, Khouribga, et Marrakech, cette \u00e9dition baptis\u00e9e \u00a0\u00bble po\u00e8te Mbarek Erraji\u00a0\u00bb, conna\u00eet la participation d\u2019un ar\u00e9opage de po\u00e8tes marocains ainsi que de leurs homologues \u00e9trangers issus notamment d\u2019Argentine, du Mexique, du Chili, du Costa Rica, de Cuba, d\u2019Estonie et d\u2019Allemagne.<\/p>\n<p>L\u2019objectif \u00e9tant de permettre de cr\u00e9er un espace de dialogue mais aussi d\u2019interaction entre ces intellectuels dans une ambiance de convivialit\u00e9 et de partage.<\/p>\n<p>Cet \u00e9v\u00e9nement riche en couleurs s\u2019ins\u00e8re dans la dynamique soutenue que conna\u00eet la cit\u00e9 des aliz\u00e9s en tant que destination incontournable des arts, de la litt\u00e9rature et de la culture dans toute leur diversit\u00e9, beaut\u00e9 et singularit\u00e9.<\/p>\n<p>Le Festival investira pour la journ\u00e9e de samedi nombre de monuments historiques de la cit\u00e9 des Aliz\u00e9s, un choix fait par les organisateurs dans le but de d\u00e9montrer comment ces espaces embl\u00e9matiques peuvent contribuer \u00e0 la promotion de l\u2019action culturelle.<\/p>\n<p>Dans une allocution de circonstance \u00e0 l\u2019ouverture de ce Festival, Mme. Ghita Rabouli, au nom de la direction provinciale de la culture, a soulign\u00e9 la pertinence de la th\u00e9matique choisie pour cette \u00e9dition, rappelant au passage la vocation de la cit\u00e9 des Aliz\u00e9s comme perle de l\u2019Atlantique.<\/p>\n<p>Elle a, \u00e9galement, relev\u00e9 que la relation de la ville avec la mer d\u00e9passe largement la logique g\u00e9ographique et creuse profond\u00e9ment dans la mythologie et l\u2019histoire de la cit\u00e9 des Aliz\u00e9s, faisant observer que le choix de Mbarek Erraji, po\u00e8te Souiri, est judicieux en ce sens qu\u2019il a su conf\u00e9rer \u00e0 sa ville natale, toute sa beaut\u00e9 et son esth\u00e9tique po\u00e9tique.<\/p>\n<p>\u00a0\u00bbEn choisissant d\u2019inviter \u00e0 ce festival une palette de po\u00e8tes \u00e9trangers, nous avons voulu rendre \u00e0 Mbarek Erraji un hommage amplement m\u00e9rit\u00e9 et renouvel\u00e9 car c\u2019est bien lui le po\u00e8te universel sans conteste\u00a0\u00bb, a-t-elle dit.<\/p>\n<p>Par la suite, l\u2019assistance a \u00e9t\u00e9 convi\u00e9e \u00e0 appr\u00e9cier une s\u00e9rie de lectures po\u00e9tiques ex\u00e9cut\u00e9es par des po\u00e8tes pr\u00e9sents, dont Noufel Essaadi, Youssef El Azrak et Mbarek Erraji, ainsi que par des po\u00e8tes \u00e9trangers invit\u00e9s de l\u2019\u00e9dition.<\/p>\n<p>La s\u00e9ance d\u2019ouverture a \u00e9t\u00e9 ponctu\u00e9e \u00e9galement par une s\u00e9rie de t\u00e9moignages mettant en avant la singularit\u00e9 et la cr\u00e9ativit\u00e9 de l\u2019oeuvre po\u00e9tique de Mbarek Erraji, avec un focus sur ses qualit\u00e9s humaines et professionnelles, ainsi que sur sa contribution au rayonnement de sa cit\u00e9 natale \u00e0 l\u2019\u00e9chelle internationale.<\/p>\n<p>Au menu de cet \u00e9v\u00e9nement, figurent une rencontre sur la po\u00e9sie et la mer \u00e0 l\u2019espace de Sakala, avec l\u2019encadrement et l\u2019animation de Abdellatif Essabki, outre une s\u00e9rie de lectures po\u00e9tiques pour le bonheur et le plaisir du grand public.<\/p>\n<p>Auteur: Meriem IGASS<br \/>\n<a href=\"http:\/\/www.mapmarrakech.ma\/fr\/essaouira-fete-en-grande-pompe-la-poesie\/\">Cliquez ici pour lire l&rsquo;article depuis sa source.<\/a><\/p>\n","protected":false},"excerpt":{"rendered":"<p>La ville d\u2019Essaouira abrite, les 5 et 6 avril, la premi\u00e8re \u00e9dition du Festival International de la po\u00e9sie, une occasion de c\u00e9l\u00e9brer en grande pompe ce genre litt\u00e9raire. Initi\u00e9e par la direction provinciale de la culture avec la coordination de la Fondation \u00a0\u00bbAl Kalima\u00a0\u00bb pour la Culture et les Arts \u00e0 Safi, cette nouvelle \u00e9dition [&hellip;]<\/p>\n","protected":false},"author":1788,"featured_media":0,"comment_status":"closed","ping_status":"closed","sticky":false,"template":"","format":"standard","meta":{"fifu_image_url":"","fifu_image_alt":"","footnotes":""},"categories":[54,76],"tags":[],"class_list":["post-26271","post","type-post","status-publish","format-standard","hentry","category-maroc","category-regions"],"_links":{"self":[{"href":"https:\/\/linitiative.ca\/International\/wp-json\/wp\/v2\/posts\/26271","targetHints":{"allow":["GET"]}}],"collection":[{"href":"https:\/\/linitiative.ca\/International\/wp-json\/wp\/v2\/posts"}],"about":[{"href":"https:\/\/linitiative.ca\/International\/wp-json\/wp\/v2\/types\/post"}],"author":[{"embeddable":true,"href":"https:\/\/linitiative.ca\/International\/wp-json\/wp\/v2\/users\/1788"}],"replies":[{"embeddable":true,"href":"https:\/\/linitiative.ca\/International\/wp-json\/wp\/v2\/comments?post=26271"}],"version-history":[{"count":0,"href":"https:\/\/linitiative.ca\/International\/wp-json\/wp\/v2\/posts\/26271\/revisions"}],"wp:attachment":[{"href":"https:\/\/linitiative.ca\/International\/wp-json\/wp\/v2\/media?parent=26271"}],"wp:term":[{"taxonomy":"category","embeddable":true,"href":"https:\/\/linitiative.ca\/International\/wp-json\/wp\/v2\/categories?post=26271"},{"taxonomy":"post_tag","embeddable":true,"href":"https:\/\/linitiative.ca\/International\/wp-json\/wp\/v2\/tags?post=26271"}],"curies":[{"name":"wp","href":"https:\/\/api.w.org\/{rel}","templated":true}]}}