{"id":26272,"date":"2019-04-06T06:06:41","date_gmt":"2019-04-06T10:06:41","guid":{"rendered":"https:\/\/linitiative.ca\/International\/averses-orageuses-sur-les-wilayas-du-centre-et-de-louest-a-compter-de-dimanche\/"},"modified":"2019-04-06T06:06:41","modified_gmt":"2019-04-06T10:06:41","slug":"averses-orageuses-sur-les-wilayas-du-centre-et-de-louest-a-compter-de-dimanche","status":"publish","type":"post","link":"https:\/\/linitiative.ca\/International\/averses-orageuses-sur-les-wilayas-du-centre-et-de-louest-a-compter-de-dimanche\/","title":{"rendered":"Averses orageuses sur les wilayas du Centre et de l&rsquo;Ouest \u00e0 compter de dimanche\u00a0"},"content":{"rendered":"<div>\n<div class=\"K2FeedImage\"><img decoding=\"async\" src=\"http:\/\/www.aps.dz\/media\/k2\/items\/cache\/a922f2dc8b1c9dc4d52d0f611ab187ca_S.jpg\" alt=\"Averses orageuses sur les wilayas du Centre et de l'Ouest \u00e0 compter de dimanche\u00a0\"><\/div>\n<div class=\"K2FeedIntroText\">\n<p>ALGER &#8211; Des averses de pluie, accompagn\u00e9es parfois d&rsquo;orages et de gr\u00eale, affecteront, \u00e0 compter de dimanche matin,\u00a0 neuf wilayas du Centre et de l&rsquo;Ouest du pays, indique samedi un bulletin m\u00e9t\u00e9orologique sp\u00e9cial (BMS) \u00e9mis par les services de l&rsquo;Office national de la m\u00e9t\u00e9orologie.<\/p>\n<\/div>\n<div class=\"K2FeedFullText\">\n<blockquote>\n<p><em><strong>Les wilayas concern\u00e9es sont: Mostaganem, Chlef, Tissemsilt, Ain Defla, Blida, Tipaza, Alger, M\u00e9d\u00e9a et Boumerdes, pr\u00e9cise le BMS dont la validit\u00e9 prend effet \u00e0 compter de dimanche de 3h00 jusqu&rsquo;\u00e0 12h00 avec des pr\u00e9cipitations estim\u00e9es qui atteindront ou d\u00e9passeront localement 30 mm.<\/strong><\/em><\/p>\n<\/blockquote>\n<p>Par\u00a0 ailleurs, des vents forts souffleront, parfois en rafales sur les wilayas de Tlemcen, Ain Temouchent, Oran, Mostaganem, Chlef et Tipaza.<\/p>\n<p>La force du vent soufflera sur le secteur Ouest \u00e0 60\/70 km\/h avec des rafales atteignant ou d\u00e9passant 80 km\/h, et dont la validit\u00e9 prend effet \u00a0\u00e0 compter de samedi \u00e0\u00a0 21h 00 jusqu&rsquo;\u00e0 dimanche \u00e0 12h00, pr\u00e9cise la m\u00eame source.<\/p>\n<\/div>\n<\/div>\n<p>Auteur:<br \/>\n<a href=\"http:\/\/www.aps.dz\/regions\/87713-averses-orageuses-sur-les-wilayas-du-centre-et-de-l-ouest-a-compter-de-dimanche\">Cliquez ici pour lire l&rsquo;article depuis sa source.<\/a><\/p>\n","protected":false},"excerpt":{"rendered":"<p>ALGER &#8211; Des averses de pluie, accompagn\u00e9es parfois d&rsquo;orages et de gr\u00eale, affecteront, \u00e0 compter de dimanche matin,\u00a0 neuf wilayas du Centre et de l&rsquo;Ouest du pays, indique samedi un bulletin m\u00e9t\u00e9orologique sp\u00e9cial (BMS) \u00e9mis par les services de l&rsquo;Office national de la m\u00e9t\u00e9orologie. Les wilayas concern\u00e9es sont: Mostaganem, Chlef, Tissemsilt, Ain Defla, Blida, Tipaza, [&hellip;]<\/p>\n","protected":false},"author":1790,"featured_media":26273,"comment_status":"closed","ping_status":"closed","sticky":false,"template":"","format":"standard","meta":{"fifu_image_url":"","fifu_image_alt":"","footnotes":""},"categories":[53,76],"tags":[],"class_list":["post-26272","post","type-post","status-publish","format-standard","has-post-thumbnail","hentry","category-algerie","category-regions"],"_links":{"self":[{"href":"https:\/\/linitiative.ca\/International\/wp-json\/wp\/v2\/posts\/26272","targetHints":{"allow":["GET"]}}],"collection":[{"href":"https:\/\/linitiative.ca\/International\/wp-json\/wp\/v2\/posts"}],"about":[{"href":"https:\/\/linitiative.ca\/International\/wp-json\/wp\/v2\/types\/post"}],"author":[{"embeddable":true,"href":"https:\/\/linitiative.ca\/International\/wp-json\/wp\/v2\/users\/1790"}],"replies":[{"embeddable":true,"href":"https:\/\/linitiative.ca\/International\/wp-json\/wp\/v2\/comments?post=26272"}],"version-history":[{"count":0,"href":"https:\/\/linitiative.ca\/International\/wp-json\/wp\/v2\/posts\/26272\/revisions"}],"wp:featuredmedia":[{"embeddable":true,"href":"https:\/\/linitiative.ca\/International\/wp-json\/"}],"wp:attachment":[{"href":"https:\/\/linitiative.ca\/International\/wp-json\/wp\/v2\/media?parent=26272"}],"wp:term":[{"taxonomy":"category","embeddable":true,"href":"https:\/\/linitiative.ca\/International\/wp-json\/wp\/v2\/categories?post=26272"},{"taxonomy":"post_tag","embeddable":true,"href":"https:\/\/linitiative.ca\/International\/wp-json\/wp\/v2\/tags?post=26272"}],"curies":[{"name":"wp","href":"https:\/\/api.w.org\/{rel}","templated":true}]}}