{"id":26275,"date":"2019-04-06T10:44:38","date_gmt":"2019-04-06T14:44:38","guid":{"rendered":"https:\/\/linitiative.ca\/International\/tailleur-de-pierre-dr-rahmani-pionnier-dans-la-sensibilisation-sur-le-risque-du-metier\/"},"modified":"2019-04-06T10:44:38","modified_gmt":"2019-04-06T14:44:38","slug":"tailleur-de-pierre-dr-rahmani-pionnier-dans-la-sensibilisation-sur-le-risque-du-metier","status":"publish","type":"post","link":"https:\/\/linitiative.ca\/International\/tailleur-de-pierre-dr-rahmani-pionnier-dans-la-sensibilisation-sur-le-risque-du-metier\/","title":{"rendered":"Tailleur de pierre: Dr Rahmani, pionnier dans la sensibilisation sur le risque du m\u00e9tier"},"content":{"rendered":"<div readability=\"37\">\n<p>BATNA &#8211; Dans la commune de T\u2019kout, \u00e0 95 km de\u00a0 la ville de Batna,\u00a0 Dr Bachir Rahmani jouit d\u2019une r\u00e9v\u00e9rence toute particuli\u00e8re parmi les habitants de cette commune et ses alentours. Il n\u2019est pas seulement le m\u00e9decin du village qui n\u2019a pas c\u00e9d\u00e9 \u00e0 la tentation des lumi\u00e8res des grandes villes mais surtout celui qui a diagnostiqu\u00e9 le premier cas de silicose.<\/p>\n<\/div>\n<div readability=\"133.5\">\n<blockquote readability=\"12\">\n<p><em><strong>Ce premier diagnostic fut \u00e9tabli au d\u00e9but de l\u2019ann\u00e9e 2000, confie, \u00e0 la veille de la c\u00e9l\u00e9bration de la journ\u00e9e mondiale de la sant\u00e9, le m\u00e9decin \u00e0 la journaliste de l\u2019APS qui l\u2019a rencontr\u00e9 \u00e0 son domicile au centre-ville de T\u2019kout, fort affaibli par une maladie qu\u2019il se contente de d\u00e9crire par \u00ab\u00a0difficilement gu\u00e9rissable\u00a0\u00bb.<\/strong><\/em><\/p>\n<\/blockquote>\n<p>Plongeant dans ses souvenirs, il rappelle que \u00ab\u00a0depuis le d\u00e9but des ann\u00e9es 1990 \u00e0 1999, beaucoup de jeunes gens \u00e0 la fleur de l\u2019\u00e2ge se pr\u00e9sentaient, \u00e0 mon cabinet que j\u2019ai d\u00fb fermer en 2017 \u00e0 cause de ma maladie, souffrant d\u2019insuffisance respiratoire et les sp\u00e9cialistes vers lesquels je les dirigeais diagnostiquaient une fibrose pulmonaire\u00a0\u00bb.<\/p>\n<p>Au d\u00e9but, ces cas paraissaient, ajoute Rahmani, \u00ab\u00a0normaux mais leur multiplication a fini par susciter mes inqui\u00e9tudes et mes questionnements et apr\u00e8s une enqu\u00eate de terrain, j\u2019ai pu constater \u00e0 la faveur de ma familiarit\u00e9 avec les habitants de mon village o\u00f9 j\u2019exer\u00e7ais depuis 1985, que tous les malades avaient en commun d\u2019exercer le m\u00e9tier de tailleur de pierre\u00a0\u00bb.<\/p>\n<blockquote readability=\"12\">\n<p><em><strong>\u00ab\u00a0Apr\u00e8s la confirmation du diagnostic du premier cas, j\u2019ai mis sur pied six comit\u00e9s de quartiers compos\u00e9s chacun de trois personnes pour informer et sensibiliser, trois mois durant, les tailleurs de pierre contre l\u2019effet pernicieux de la poussi\u00e8re de silice sur les poumons qui d\u00e9bute par une insuffisance respiratoire puis \u00e9volue vers l\u2019incapacit\u00e9\u00a0\u00bb, se rem\u00e9more Dr Rahmani.<\/strong><\/em><\/p>\n<\/blockquote>\n<p>\u00ab\u00a0C&rsquo;\u00e9tait au d\u00e9but tr\u00e8s difficile de convaincre les personnes exer\u00e7ant ce m\u00e9tier lucratif que celui-ci \u00e9tait mortel et que la seule solution consiste \u00e0 y renoncer\u00a0\u00bb, affirme non sans \u00e9motion Dr Rahmani qui confie n\u2019avoir m\u00e9nag\u00e9 aucun effort dans la sensibilisation contre les risques de silicose, ni dans la prise en charge des malades.<\/p>\n<p>\u00ab\u00a0Le\u00a0 nombre \u00e9lev\u00e9 des malades me poussait \u00e0 travailler parfois presque 24 heures sur 24\u00a0\u00bb, assure-t-il .<\/p>\n<p>\u00ab\u00a0J\u2019\u00e9tais alors le seul m\u00e9decin en poste au centre sanitaire de T\u2019kout et je r\u00e9alisais des consultations r\u00e9guli\u00e8res dans 11 salles de soins des trois communes d\u2019alentours pour une population de 16.000 habitants\u00a0\u00bb, ajoute Dr Rahmani qui pr\u00e9cise que la pression \u00e9tait \u00ab\u00a0trop grande\u00a0\u00bb car il \u00e9tait, de fait, \u00e0 la fois m\u00e9decin g\u00e9n\u00e9raliste, m\u00e9decin scolaire et m\u00e9decin de travail en plus d\u2019urgentiste pendant la nuit en recevant les patients m\u00eame \u00e0 son domicile.<\/p>\n<blockquote readability=\"8\">\n<p><em><strong>\u00ab\u00a0Le drame pour les malades atteints de silicose est que l\u2019on ne pouvait rien pour eux\u2019\u2019 car la maladie est incurable et le patient pouvait vivre 3 mois comme il pouvait vivre 15 ans\u2019\u2019, ajoute Dr. Rahmani.<\/strong><\/em><\/p>\n<\/blockquote>\n<p>L\u2019ann\u00e9e 2005 a \u00e9t\u00e9 le pic de cette maladie qui, en une semaine, avait caus\u00e9 la mort de cinq malades en d\u00e9pit de la sensibilisation \u00e0 laquelle s\u2019\u00e9tait impliqu\u00e9 Dr. Djamel Hamizi, un pneumophtisiologue.<\/p>\n<p>\u00ab\u00a0Sur 1.200 tailleurs de pierre exer\u00e7ant \u00e0 T\u2019kout et ses environs, 300 jeunes \u00e2g\u00e9s entre 20 et 36 ans ont contract\u00e9 la silicose\u00a0\u00bb, selon Dr Rahmani qui pr\u00e9cise que cette maladie a \u00ab\u00a0tu\u00e9 200 artisans depuis 2000 et le nombre de morts avant cette date reste inconnu\u00a0\u00bb.<\/p>\n<p>Depuis quelque ann\u00e9es, T\u2019kout dispose d\u00e9sormais d\u2019une clinique et de plusieurs m\u00e9decins g\u00e9n\u00e9ralistes et vient de b\u00e9n\u00e9ficier r\u00e9cemment d\u2019un h\u00f4pital ouvert \u00e0 la localit\u00e9 de Ksar et \u00e9quip\u00e9 d\u2019installations modernes, constate avec satisfaction ce m\u00e9decin.<\/p>\n<p>Toutefois, estime Dr Rahmani, pour une maladie lourde comme la silicose, \u00ab\u00a0cela demeure insuffisant et exige l\u2019affectation permanente \u00e0 cet \u00e9tablissement d\u2019un pneumophtisiologue et d\u2019un sp\u00e9cialiste en m\u00e9decine interne afin d\u2019\u00e9viter le recours au d\u00e9placement vers les h\u00f4pitaux de Biskra et Batna des malades pour qui le temps est facteur vital dans la prise en charge\u00a0\u00bb.<\/p>\n<blockquote readability=\"11\">\n<p><em><strong>\u00ab\u00a0Certes, la silicose obstrue par la poussi\u00e8re de silice les bronches pulmonaires jusqu\u2019\u00e0 90 % mais elle frappe aussi le reste du corps r\u00e9duisant l\u2019immunit\u00e9 du patient et l\u2019exposant \u00e0 l\u2019an\u00e9mie et la tuberculose\u00a0\u00bb, ajoute ce m\u00e9decin qui rel\u00e8ve que \u00ab\u00a0dans les cas extr\u00eames, la maladie peut provoquer des h\u00e9morragies et une insuffisance respiratoire chronique chez le patient\u00a0\u00bb.<\/strong><\/em><\/p>\n<\/blockquote>\n<p>Selon Dr Rahmani, en d\u00e9pit de la dangerosit\u00e9 de ce m\u00e9tier, beaucoup de jeunes continuent de l\u2019exercer m\u00eame si la majorit\u00e9 utilise des tables de coupe aliment\u00e9es en eau pour r\u00e9duire les quantit\u00e9s de poussi\u00e8res d\u00e9gag\u00e9es.<\/p>\n<p>Toujours aussi compatissant avec les malades atteints de silicose qu\u2019il a accompagn\u00e9s pendant leurs souffrances en tant que m\u00e9decin et ami, Rahmani \u00e2g\u00e9 de 62 ans a d\u00fb fermer son cabinet suite \u00e0 sa maladie. \u00ab\u00a0Je consid\u00e8re aujourd\u2019hui que ma mission est termin\u00e9e et c\u2019est au tour de la clinique et de l\u2019h\u00f4pital de prendre le relai\u00a0\u00bb, recommande le praticien, \u00e9mu jusqu\u2019aux larmes.<\/p>\n<p>Le doyen des m\u00e9decins de T\u2019kout n\u2019a pas voulu que la journaliste de l\u2019APS le quitte sans lui montrer une plaque en pierre plac\u00e9e dans la cour de sa maison et joliment sculpt\u00e9e en hommage \u00e0 lui par des tailleurs de pierre.<\/p>\n<blockquote readability=\"11\">\n<p><em><strong>Ville recul\u00e9e des Aur\u00e8s, T\u2019kout a vu son nom tir\u00e9 de l\u2019anonymat par la maladie de la silicose frappant ses enfants tailleurs de pierre ainsi que par Bachir Rahmani, le m\u00e9decin qui a diagnostiqu\u00e9 le premier cas de silicose et l\u2019auteur de travaux de recherche sur la fertilit\u00e9 par m\u00e9soth\u00e9rapie et de plusieurs \u0153uvres litt\u00e9raires dont \u00ab\u00a0Emrir\u00a0\u00bb (le m\u00e9decin), un livre dans lequel il revient sur son exp\u00e9rience dans la vie et son m\u00e9tier en tant que m\u00e9decin du village.<\/strong><\/em><\/p>\n<\/blockquote>\n<\/div>\n<p>Auteur:<br \/>\n<a href=\"http:\/\/www.aps.dz\/regions\/87724-tailleur-de-pierre-dr-rahmani-pionnier-dans-la-sensibilisation-sur-le-risque-du-metier-a-t-kout\">Cliquez ici pour lire l&rsquo;article depuis sa source.<\/a><\/p>\n","protected":false},"excerpt":{"rendered":"<p>BATNA &#8211; Dans la commune de T\u2019kout, \u00e0 95 km de\u00a0 la ville de Batna,\u00a0 Dr Bachir Rahmani jouit d\u2019une r\u00e9v\u00e9rence toute particuli\u00e8re parmi les habitants de cette commune et ses alentours. Il n\u2019est pas seulement le m\u00e9decin du village qui n\u2019a pas c\u00e9d\u00e9 \u00e0 la tentation des lumi\u00e8res des grandes villes mais surtout celui [&hellip;]<\/p>\n","protected":false},"author":1790,"featured_media":0,"comment_status":"closed","ping_status":"closed","sticky":false,"template":"","format":"standard","meta":{"fifu_image_url":"","fifu_image_alt":"","footnotes":""},"categories":[53,76],"tags":[],"class_list":["post-26275","post","type-post","status-publish","format-standard","hentry","category-algerie","category-regions"],"_links":{"self":[{"href":"https:\/\/linitiative.ca\/International\/wp-json\/wp\/v2\/posts\/26275","targetHints":{"allow":["GET"]}}],"collection":[{"href":"https:\/\/linitiative.ca\/International\/wp-json\/wp\/v2\/posts"}],"about":[{"href":"https:\/\/linitiative.ca\/International\/wp-json\/wp\/v2\/types\/post"}],"author":[{"embeddable":true,"href":"https:\/\/linitiative.ca\/International\/wp-json\/wp\/v2\/users\/1790"}],"replies":[{"embeddable":true,"href":"https:\/\/linitiative.ca\/International\/wp-json\/wp\/v2\/comments?post=26275"}],"version-history":[{"count":0,"href":"https:\/\/linitiative.ca\/International\/wp-json\/wp\/v2\/posts\/26275\/revisions"}],"wp:attachment":[{"href":"https:\/\/linitiative.ca\/International\/wp-json\/wp\/v2\/media?parent=26275"}],"wp:term":[{"taxonomy":"category","embeddable":true,"href":"https:\/\/linitiative.ca\/International\/wp-json\/wp\/v2\/categories?post=26275"},{"taxonomy":"post_tag","embeddable":true,"href":"https:\/\/linitiative.ca\/International\/wp-json\/wp\/v2\/tags?post=26275"}],"curies":[{"name":"wp","href":"https:\/\/api.w.org\/{rel}","templated":true}]}}