{"id":26290,"date":"2019-04-06T15:14:11","date_gmt":"2019-04-06T19:14:11","guid":{"rendered":"https:\/\/linitiative.ca\/International\/pros-le-sporting-lisbonne-va-passer-a-laction-pour-slimani-apres-la-finale-de-la-coupe-du-portugal\/"},"modified":"2019-04-06T15:14:11","modified_gmt":"2019-04-06T19:14:11","slug":"pros-le-sporting-lisbonne-va-passer-a-laction-pour-slimani-apres-la-finale-de-la-coupe-du-portugal","status":"publish","type":"post","link":"https:\/\/linitiative.ca\/International\/pros-le-sporting-lisbonne-va-passer-a-laction-pour-slimani-apres-la-finale-de-la-coupe-du-portugal\/","title":{"rendered":"Pros : Le Sporting Lisbonne va passer \u00e0 l\u2019action pour Slimani apr\u00e8s la finale de la coupe du Portugal"},"content":{"rendered":"<div readability=\"32\">\n<p>Auteur : <span>Riad O.<\/span> <span class=\"time\">samedi 06 avril 2019 18:19<\/span><\/p>\n<\/div>\n<div id=\"post_core\" readability=\"44\">\n<p>Islam Slimani va-t-il retrouver \u00e0 nouveau le Sporting Lisbonne\u00a0? Cette possibilit\u00e9 a de tr\u00e8s grandes chances de se concr\u00e9tiser d\u00e8s l\u2019\u00e9t\u00e9 prochain. En effet, et comme annonc\u00e9 dans ces m\u00eames colonnes, l\u2019attaquant Alg\u00e9rien de Fenerbahce a \u00e9mis le v\u0153u de retourner jouer au Sporting. Alors qu\u2019il \u00e9volue en Turquie sous titre de pr\u00eat en provenance de Leicester City, le buteur des Verts ne devrait pas revenir chez les Foxes la saison prochaine. Selon le m\u00e9dia portugais, O Jogo, Slimani serait la priorit\u00e9 du Sporting Lisbonne lors du prochain mercato estival. \u00a0Le m\u00e9dia portugais, O Jogo a apport\u00e9 aujourd\u2019hui, de nouveaux \u00e9l\u00e9ments dans ce dossier en expliquant que la direction du Sporting Lisbonne compte passer aux n\u00e9gociations avec le club anglais de Leicester City apr\u00e8s la finale de la coupe du Portugal face au Porto de Yacine Brahimi le 25 mai prochain. Selon la m\u00eame source toujours, les dirigeants du Sporting Lisbonne seraient pr\u00eats m\u00eames \u00e0 r\u00e9cup\u00e9rer Slimani \u00e0 titre de pr\u00eat. Cependant, l\u2019attaquant Alg\u00e9rien devra revoir \u00e0 la baisse ses exigences salariales.<\/p>\n<p><strong>Publi\u00e9 dans :<\/strong> <span>slimani<\/span><\/p>\n<\/div>\n<p>Auteur:<br \/>\n<a href=\"http:\/\/www.lebuteur.com\/article\/detail?titre=le-sporting-lisbonne-va-passer-a-laction-pour-slimani-apres-la-finale-de-la-coupe-du-portugal&#038;id=87775&#038;utm_source=feedburner&#038;utm_medium=feed&#038;utm_campaign=Feed%3A+GalerieFArtciles+%28Les+derniers+articles++-+lebuteur.com%29\">Cliquez ici pour lire l&rsquo;article depuis sa source.<\/a><\/p>\n","protected":false},"excerpt":{"rendered":"<p>Auteur : Riad O. samedi 06 avril 2019 18:19 Islam Slimani va-t-il retrouver \u00e0 nouveau le Sporting Lisbonne\u00a0? Cette possibilit\u00e9 a de tr\u00e8s grandes chances de se concr\u00e9tiser d\u00e8s l\u2019\u00e9t\u00e9 prochain. En effet, et comme annonc\u00e9 dans ces m\u00eames colonnes, l\u2019attaquant Alg\u00e9rien de Fenerbahce a \u00e9mis le v\u0153u de retourner jouer au Sporting. Alors qu\u2019il [&hellip;]<\/p>\n","protected":false},"author":1738,"featured_media":26291,"comment_status":"closed","ping_status":"closed","sticky":false,"template":"","format":"standard","meta":{"fifu_image_url":"","fifu_image_alt":"","footnotes":""},"categories":[53,75],"tags":[],"class_list":["post-26290","post","type-post","status-publish","format-standard","has-post-thumbnail","hentry","category-algerie","category-sport"],"_links":{"self":[{"href":"https:\/\/linitiative.ca\/International\/wp-json\/wp\/v2\/posts\/26290","targetHints":{"allow":["GET"]}}],"collection":[{"href":"https:\/\/linitiative.ca\/International\/wp-json\/wp\/v2\/posts"}],"about":[{"href":"https:\/\/linitiative.ca\/International\/wp-json\/wp\/v2\/types\/post"}],"author":[{"embeddable":true,"href":"https:\/\/linitiative.ca\/International\/wp-json\/wp\/v2\/users\/1738"}],"replies":[{"embeddable":true,"href":"https:\/\/linitiative.ca\/International\/wp-json\/wp\/v2\/comments?post=26290"}],"version-history":[{"count":0,"href":"https:\/\/linitiative.ca\/International\/wp-json\/wp\/v2\/posts\/26290\/revisions"}],"wp:featuredmedia":[{"embeddable":true,"href":"https:\/\/linitiative.ca\/International\/wp-json\/"}],"wp:attachment":[{"href":"https:\/\/linitiative.ca\/International\/wp-json\/wp\/v2\/media?parent=26290"}],"wp:term":[{"taxonomy":"category","embeddable":true,"href":"https:\/\/linitiative.ca\/International\/wp-json\/wp\/v2\/categories?post=26290"},{"taxonomy":"post_tag","embeddable":true,"href":"https:\/\/linitiative.ca\/International\/wp-json\/wp\/v2\/tags?post=26290"}],"curies":[{"name":"wp","href":"https:\/\/api.w.org\/{rel}","templated":true}]}}