{"id":26292,"date":"2019-04-06T15:14:12","date_gmt":"2019-04-06T19:14:12","guid":{"rendered":"https:\/\/linitiative.ca\/International\/pros-brahimi-retrouve-sa-place-de-titulaire-avec-le-fc-porto\/"},"modified":"2019-04-06T15:14:12","modified_gmt":"2019-04-06T19:14:12","slug":"pros-brahimi-retrouve-sa-place-de-titulaire-avec-le-fc-porto","status":"publish","type":"post","link":"https:\/\/linitiative.ca\/International\/pros-brahimi-retrouve-sa-place-de-titulaire-avec-le-fc-porto\/","title":{"rendered":"Pros : Brahimi retrouve sa place de titulaire avec le FC Porto"},"content":{"rendered":"<div readability=\"32\">\n<p>Auteur : <span>Riad O.<\/span> <span class=\"time\">samedi 06 avril 2019 18:19<\/span><\/p>\n<\/div>\n<div id=\"post_core\" readability=\"41\">\n<p>Bonne nouvelle pour Yacine Brahimi qui a enfin retrouv\u00e9 sa place de titulaire dans le onze du FC Porto. Le joueur Alg\u00e9rien, qui avait d\u00e9but\u00e9 les quatre pr\u00e9c\u00e9dentes rencontres de son team sur le banc des rempla\u00e7ants, a \u00e9t\u00e9 align\u00e9 d\u2019entr\u00e9e de jeu hier soir face \u00e0 Boavista lors de la 28\u00e8me journ\u00e9e de la Liga NOS. L\u2019ancien joueur de Greande, qui a particip\u00e9 \u00e0 l\u2019int\u00e9gralit\u00e9 de cette rencontre, a livr\u00e9 une belle prestation en contribuant \u00e0 la victoire des siens.<\/p>\n<p><strong>Publi\u00e9 dans :<\/strong> <span>FC Porto<\/span> <span>Brahimi<\/span><\/p>\n<\/div>\n<p>Auteur:<br \/>\n<a href=\"http:\/\/www.lebuteur.com\/article\/detail?titre=brahimi-retrouve-sa-place-de-titulaire-avec-le-fc-porto&#038;id=87774&#038;utm_source=feedburner&#038;utm_medium=feed&#038;utm_campaign=Feed%3A+GalerieFArtciles+%28Les+derniers+articles++-+lebuteur.com%29\">Cliquez ici pour lire l&rsquo;article depuis sa source.<\/a><\/p>\n","protected":false},"excerpt":{"rendered":"<p>Auteur : Riad O. samedi 06 avril 2019 18:19 Bonne nouvelle pour Yacine Brahimi qui a enfin retrouv\u00e9 sa place de titulaire dans le onze du FC Porto. Le joueur Alg\u00e9rien, qui avait d\u00e9but\u00e9 les quatre pr\u00e9c\u00e9dentes rencontres de son team sur le banc des rempla\u00e7ants, a \u00e9t\u00e9 align\u00e9 d\u2019entr\u00e9e de jeu hier soir face [&hellip;]<\/p>\n","protected":false},"author":1738,"featured_media":26293,"comment_status":"closed","ping_status":"closed","sticky":false,"template":"","format":"standard","meta":{"fifu_image_url":"","fifu_image_alt":"","footnotes":""},"categories":[53,75],"tags":[],"class_list":["post-26292","post","type-post","status-publish","format-standard","has-post-thumbnail","hentry","category-algerie","category-sport"],"_links":{"self":[{"href":"https:\/\/linitiative.ca\/International\/wp-json\/wp\/v2\/posts\/26292","targetHints":{"allow":["GET"]}}],"collection":[{"href":"https:\/\/linitiative.ca\/International\/wp-json\/wp\/v2\/posts"}],"about":[{"href":"https:\/\/linitiative.ca\/International\/wp-json\/wp\/v2\/types\/post"}],"author":[{"embeddable":true,"href":"https:\/\/linitiative.ca\/International\/wp-json\/wp\/v2\/users\/1738"}],"replies":[{"embeddable":true,"href":"https:\/\/linitiative.ca\/International\/wp-json\/wp\/v2\/comments?post=26292"}],"version-history":[{"count":0,"href":"https:\/\/linitiative.ca\/International\/wp-json\/wp\/v2\/posts\/26292\/revisions"}],"wp:featuredmedia":[{"embeddable":true,"href":"https:\/\/linitiative.ca\/International\/wp-json\/"}],"wp:attachment":[{"href":"https:\/\/linitiative.ca\/International\/wp-json\/wp\/v2\/media?parent=26292"}],"wp:term":[{"taxonomy":"category","embeddable":true,"href":"https:\/\/linitiative.ca\/International\/wp-json\/wp\/v2\/categories?post=26292"},{"taxonomy":"post_tag","embeddable":true,"href":"https:\/\/linitiative.ca\/International\/wp-json\/wp\/v2\/tags?post=26292"}],"curies":[{"name":"wp","href":"https:\/\/api.w.org\/{rel}","templated":true}]}}