{"id":26294,"date":"2019-04-06T15:14:13","date_gmt":"2019-04-06T19:14:13","guid":{"rendered":"https:\/\/linitiative.ca\/International\/pros-atal-aiglon-du-mois-pour-la-quatrieme-fois\/"},"modified":"2019-04-06T15:14:13","modified_gmt":"2019-04-06T19:14:13","slug":"pros-atal-aiglon-du-mois-pour-la-quatrieme-fois","status":"publish","type":"post","link":"https:\/\/linitiative.ca\/International\/pros-atal-aiglon-du-mois-pour-la-quatrieme-fois\/","title":{"rendered":"Pros : Atal, aiglon du mois pour la quatri\u00e8me fois"},"content":{"rendered":"<div readability=\"32\">\n<p>Auteur : <span>Riad O.<\/span> <span class=\"time\">samedi 06 avril 2019 18:20<\/span><\/p>\n<\/div>\n<div id=\"post_core\" readability=\"51\">\n<p>Youcef Atal continue de s\u2019illustrer avec l\u2019OGC Nice. Le joueur Alg\u00e9rien, qui s\u2019est impos\u00e9 comme un \u00e9l\u00e9ment cl\u00e9 dans le onze de Patrick Vieira, a, une nouvelle fois, d\u00e9croch\u00e9 le titre honorifique d\u2019Aiglon du mois de mars, un troph\u00e9e qui r\u00e9compense le meilleur joueur du Gym sur tout un mois. C\u2019est d\u2019ailleurs la quatri\u00e8me fois que l\u2019ancien joueur du Paradou AC est \u00e9lu comme meilleur joueur du mois de son club apr\u00e8s avoir d\u00e9croch\u00e9 le troph\u00e9e d\u2019Aiglon du mois de novembre, d\u00e9cembre et janvier\u00a0:\u00a0\u00abAvec 56% des suffrages, Youcef Atal succ\u00e8de \u00e0 Walter Benitez pour remporter son quatri\u00e8me titre d\u2019Aiglon du mois. Apr\u00e8s les mois de novembre, d\u00e9cembre et janvier, Youcef Atal s\u2019adjuge \u00e9galement mars. \u00c0 son retour de blessure, l\u2019Aiglon a activement anim\u00e9 son c\u00f4t\u00e9 droit devant le RC Strasbourg (victoire 1-0). Cerise sur le g\u00e2teau, il s\u2019est m\u00eame offert son troisi\u00e8me but de la saison. Et parall\u00e8lement son huiti\u00e8me sacre d\u2019Aiglon du match. Align\u00e9 face \u00e0 Marseille (d\u00e9faite 1-0) puis lors du nul face \u00e0 Toulouse (1-1), l&rsquo;Alg\u00e9rien est revenu bless\u00e9 de s\u00e9lection, manquant le dernier duel du mois \u00e0 Dijon (succ\u00e8s 0-1).\u00bb peut-on lire sur le site officiel de l\u2019OGC Nice. Bless\u00e9 et indisponible pour le match de demain, face \u00e0 Montpellier, Atal r\u00e9cup\u00e9rera son troph\u00e9e avant la r\u00e9ception du SM Caen (samedi 20 avril, \u00e0 19 heures).<\/p>\n<p><strong>Publi\u00e9 dans :<\/strong> <span>Atal<\/span><\/p>\n<\/div>\n<p>Auteur:<br \/>\n<a href=\"http:\/\/www.lebuteur.com\/article\/detail?titre=atal-aiglon-du-mois-pour-la-quatrieme-fois&#038;id=87776&#038;utm_source=feedburner&#038;utm_medium=feed&#038;utm_campaign=Feed%3A+GalerieFArtciles+%28Les+derniers+articles++-+lebuteur.com%29\">Cliquez ici pour lire l&rsquo;article depuis sa source.<\/a><\/p>\n","protected":false},"excerpt":{"rendered":"<p>Auteur : Riad O. samedi 06 avril 2019 18:20 Youcef Atal continue de s\u2019illustrer avec l\u2019OGC Nice. Le joueur Alg\u00e9rien, qui s\u2019est impos\u00e9 comme un \u00e9l\u00e9ment cl\u00e9 dans le onze de Patrick Vieira, a, une nouvelle fois, d\u00e9croch\u00e9 le titre honorifique d\u2019Aiglon du mois de mars, un troph\u00e9e qui r\u00e9compense le meilleur joueur du Gym [&hellip;]<\/p>\n","protected":false},"author":1738,"featured_media":26295,"comment_status":"closed","ping_status":"closed","sticky":false,"template":"","format":"standard","meta":{"fifu_image_url":"","fifu_image_alt":"","footnotes":""},"categories":[53,75],"tags":[],"class_list":["post-26294","post","type-post","status-publish","format-standard","has-post-thumbnail","hentry","category-algerie","category-sport"],"_links":{"self":[{"href":"https:\/\/linitiative.ca\/International\/wp-json\/wp\/v2\/posts\/26294","targetHints":{"allow":["GET"]}}],"collection":[{"href":"https:\/\/linitiative.ca\/International\/wp-json\/wp\/v2\/posts"}],"about":[{"href":"https:\/\/linitiative.ca\/International\/wp-json\/wp\/v2\/types\/post"}],"author":[{"embeddable":true,"href":"https:\/\/linitiative.ca\/International\/wp-json\/wp\/v2\/users\/1738"}],"replies":[{"embeddable":true,"href":"https:\/\/linitiative.ca\/International\/wp-json\/wp\/v2\/comments?post=26294"}],"version-history":[{"count":0,"href":"https:\/\/linitiative.ca\/International\/wp-json\/wp\/v2\/posts\/26294\/revisions"}],"wp:featuredmedia":[{"embeddable":true,"href":"https:\/\/linitiative.ca\/International\/wp-json\/"}],"wp:attachment":[{"href":"https:\/\/linitiative.ca\/International\/wp-json\/wp\/v2\/media?parent=26294"}],"wp:term":[{"taxonomy":"category","embeddable":true,"href":"https:\/\/linitiative.ca\/International\/wp-json\/wp\/v2\/categories?post=26294"},{"taxonomy":"post_tag","embeddable":true,"href":"https:\/\/linitiative.ca\/International\/wp-json\/wp\/v2\/tags?post=26294"}],"curies":[{"name":"wp","href":"https:\/\/api.w.org\/{rel}","templated":true}]}}