{"id":26298,"date":"2019-04-05T19:00:00","date_gmt":"2019-04-05T23:00:00","guid":{"rendered":"https:\/\/linitiative.ca\/International\/sante-ameliorer-le-service\/"},"modified":"2019-04-05T19:00:00","modified_gmt":"2019-04-05T23:00:00","slug":"sante-ameliorer-le-service","status":"publish","type":"post","link":"https:\/\/linitiative.ca\/International\/sante-ameliorer-le-service\/","title":{"rendered":"Sant\u00e9 :  Am\u00e9liorer  le service"},"content":{"rendered":"<p>Le ministre de la Sant\u00e9, de la Population et de la R\u00e9forme hospitali\u00e8re, Mohammed Miraoui, a soulign\u00e9, jeudi \u00e0 Alger, la n\u00e9cessit\u00e9 de mettre en \u0153uvre et d&rsquo;\u00abacc\u00e9l\u00e9rer\u00bb le processus de prise en charge de dossiers prioritaires afin d&rsquo;am\u00e9liorer les services de sant\u00e9 pour r\u00e9pondre aux aspirations des citoyens. Lors d&rsquo;une r\u00e9union avec les cadres du secteur, M. Miraoui a \u00abinsist\u00e9 pour une coordination \u00e9troite entre les diff\u00e9rentes directions de l&rsquo;administration centrale et les institutions plac\u00e9es sous la tutelle en ce qui concerne la mise en \u0153uvre des programmes de pr\u00e9vention en mati\u00e8re de sant\u00e9, tout en accordant la plus haute importance \u00e0 la pr\u00e9paration minutieuse des campagnes nationales li\u00e9es \u00e0 la saison estivale 2019\u00bb, pr\u00e9cise un communiqu\u00e9 du minist\u00e8re.\u00a0<\/p>\n<p>Le ministre a, \u00e9galement, mis l&rsquo;accent sur la \u00abn\u00e9cessit\u00e9 d&rsquo;accompagner et de renforcer l&rsquo;organisation pr\u00e9vue dans le guide de prise en charge de la femme gestante et le suivi de l&rsquo;\u00e9volution de sa grossesse dans les h\u00f4pitaux publics ou priv\u00e9s, afin d&rsquo;assurer sa prise en charge optimale\u00bb.<\/p>\n<p>Il a adress\u00e9, dans le m\u00eame contexte, des \u00abinstructions strictes visant \u00e0 am\u00e9liorer les soins et la prise en charge des patients, en particulier au niveau des urgences et des points de garde, ainsi que la n\u00e9cessit\u00e9 de garantir les conditions favorables aux \u00e9quipes m\u00e9dicales et param\u00e9dicales en vue de s&rsquo;acquitter au mieux de leurs t\u00e2ches et intensifier les missions d&rsquo;inspection afin de soutenir la bonne gestion de ces services\u00bb, note la m\u00eame source.<\/p>\n<p>Auteur: elmoudjahid<br \/>\n<a href=\"http:\/\/www.elmoudjahid.com\/fr\/actualites\/135529\">Cliquez ici pour lire l&rsquo;article depuis sa source.<\/a><\/p>\n","protected":false},"excerpt":{"rendered":"<p>Le ministre de la Sant\u00e9, de la Population et de la R\u00e9forme hospitali\u00e8re, Mohammed Miraoui, a soulign\u00e9, jeudi \u00e0 Alger, la n\u00e9cessit\u00e9 de mettre en \u0153uvre et d&rsquo;\u00abacc\u00e9l\u00e9rer\u00bb le processus de prise en charge de dossiers prioritaires afin d&rsquo;am\u00e9liorer les services de sant\u00e9 pour r\u00e9pondre aux aspirations des citoyens. Lors d&rsquo;une r\u00e9union avec les cadres [&hellip;]<\/p>\n","protected":false},"author":1744,"featured_media":0,"comment_status":"closed","ping_status":"closed","sticky":false,"template":"","format":"standard","meta":{"fifu_image_url":"","fifu_image_alt":"","footnotes":""},"categories":[73,53],"tags":[],"class_list":["post-26298","post","type-post","status-publish","format-standard","hentry","category-actualite","category-algerie"],"_links":{"self":[{"href":"https:\/\/linitiative.ca\/International\/wp-json\/wp\/v2\/posts\/26298","targetHints":{"allow":["GET"]}}],"collection":[{"href":"https:\/\/linitiative.ca\/International\/wp-json\/wp\/v2\/posts"}],"about":[{"href":"https:\/\/linitiative.ca\/International\/wp-json\/wp\/v2\/types\/post"}],"author":[{"embeddable":true,"href":"https:\/\/linitiative.ca\/International\/wp-json\/wp\/v2\/users\/1744"}],"replies":[{"embeddable":true,"href":"https:\/\/linitiative.ca\/International\/wp-json\/wp\/v2\/comments?post=26298"}],"version-history":[{"count":0,"href":"https:\/\/linitiative.ca\/International\/wp-json\/wp\/v2\/posts\/26298\/revisions"}],"wp:attachment":[{"href":"https:\/\/linitiative.ca\/International\/wp-json\/wp\/v2\/media?parent=26298"}],"wp:term":[{"taxonomy":"category","embeddable":true,"href":"https:\/\/linitiative.ca\/International\/wp-json\/wp\/v2\/categories?post=26298"},{"taxonomy":"post_tag","embeddable":true,"href":"https:\/\/linitiative.ca\/International\/wp-json\/wp\/v2\/tags?post=26298"}],"curies":[{"name":"wp","href":"https:\/\/api.w.org\/{rel}","templated":true}]}}