{"id":26304,"date":"2019-04-05T19:00:00","date_gmt":"2019-04-05T23:00:00","guid":{"rendered":"https:\/\/linitiative.ca\/International\/messaoud-daoud-president-de-la-fac-remettre-la-discipline-sur-les-bons-rails\/"},"modified":"2019-04-05T19:00:00","modified_gmt":"2019-04-05T23:00:00","slug":"messaoud-daoud-president-de-la-fac-remettre-la-discipline-sur-les-bons-rails","status":"publish","type":"post","link":"https:\/\/linitiative.ca\/International\/messaoud-daoud-president-de-la-fac-remettre-la-discipline-sur-les-bons-rails\/","title":{"rendered":"Messaoud Daoud  (pr\u00e9sident de la FAC) :  \u00ab Remettre  la discipline  sur les bons rails \u00bb"},"content":{"rendered":"<p>La Ligue Alg\u00e9roise de Cyclisme est en train de passer plus ou moins \u00e0 la \u00ab vitesse sup\u00e9rieure \u00bb en activant d\u2019une fa\u00e7on assez remarqu\u00e9e pour sortir cette discipline tr\u00e8s pris\u00e9e de sa torpeur. Le Cyclisme en Alg\u00e9rie a toujours \u00e9t\u00e9 au devant de la sc\u00e8ne avec des coureurs qui avaient fait honneur au pays. Il est certain qu\u2019au niveau de l\u2019Alg\u00e9rois, elle a connu un net fl\u00e9chissement en son sein. Toutefois, l\u2019actuel pr\u00e9sident de la FAC, Messaoud Daoud, \u00e9lu en 2016, a une autre id\u00e9e sur la question du fait qu\u2019il est anim\u00e9 d\u2019une farouche\u00a0 envie de redonner au cyclisme dans la wilaya d\u2019Alger son lustre d\u2019antan.\u00a0 \u00ab En arrivant en 2016 au niveau de cette F\u00e9d\u00e9ration alg\u00e9roise de cyclisme, nous n\u2019avions trouv\u00e9 que 07 associations. Aujourd\u2019hui, on en d\u00e9nombre 32 qui activent toutes. En soi, il s\u2019agit d\u2019un bond formidable dans la promotion future de la discipline. Notre but principal est de remettre sur les \u00ab bons rails \u00bb la \u00ab petite reine \u00bb en formant les cyclistes qui pourront redonner un souffle nouveau \u00e0 ce sport qui reste tr\u00e8s populaire. On veut tout entreprendre pour former les talents de demain. On reste tr\u00e8s optimiste pour l\u2019avenir, surtout que les talents chez nous ne manquent pas. Derni\u00e8rement, durant les vacances scolaires, on avait effectu\u00e9 deux stages \u00e0 l\u2019auberge des jeunes \u00e0 Rouiba. Le premier\u00a0 avait vu la participation d\u2019une quarantaine de cyclistes, alors que le second l\u2019a \u00e9t\u00e9 avec 30 cyclistes, dont 11 filles. On peut dire qu\u2019il y a du r\u00e9pondant de la part des athl\u00e8tes. C\u2019est ce qui nous rend assez optimistes. Notre propension \u00e0 insuffler un \u00ab sang neuf \u00bb n\u2019est pas une vue de l\u2019esprit. On est vraiment d\u00e9cid\u00e9 \u00e0 passer \u00e0 un stade sup\u00e9rieur. Notre volont\u00e9 de rendre ses lettres de noblesse\u00a0 \u00e0 cette discipline reste tr\u00e8s grande. On fera tout pour avoir nos champions. Je profite de cette occasion pour remercier \u00e9norm\u00e9ment la DJSL Alger de Tarek Krache qui nous aide et surtout qui est \u00e0 notre \u00e9coute, elle qui nous aide \u00e0 chaque fois qu\u2019on la sollicite \u00bb. On remarque que le cyclisme dans l\u2019Alg\u00e9rois est en train de revivre et escompte repartir du bon pied. Si l\u2019on se fie au pr\u00e9sident de la FAC, Messaoud Daoud, \u00ab on a pr\u00e9vu de r\u00e9activer le Grand Prix de la ville d\u2019Alger. Ce serait une tr\u00e8s bonne chose pout les athl\u00e8tes qui pourront ainsi monter sur le podium et une option pour ce sport qui ne veut pas tomber en d\u00e9su\u00e9tude.<\/p>\n<p><strong>\u00a0 \u00a0 \u00a0 Hamid Gharbi<\/strong><\/p>\n<p>Auteur: elmoudjahid<br \/>\n<a href=\"http:\/\/www.elmoudjahid.com\/fr\/actualites\/135535\">Cliquez ici pour lire l&rsquo;article depuis sa source.<\/a><\/p>\n","protected":false},"excerpt":{"rendered":"<p>La Ligue Alg\u00e9roise de Cyclisme est en train de passer plus ou moins \u00e0 la \u00ab vitesse sup\u00e9rieure \u00bb en activant d\u2019une fa\u00e7on assez remarqu\u00e9e pour sortir cette discipline tr\u00e8s pris\u00e9e de sa torpeur. Le Cyclisme en Alg\u00e9rie a toujours \u00e9t\u00e9 au devant de la sc\u00e8ne avec des coureurs qui avaient fait honneur au pays. [&hellip;]<\/p>\n","protected":false},"author":1744,"featured_media":0,"comment_status":"closed","ping_status":"closed","sticky":false,"template":"","format":"standard","meta":{"fifu_image_url":"","fifu_image_alt":"","footnotes":""},"categories":[73,53],"tags":[],"class_list":["post-26304","post","type-post","status-publish","format-standard","hentry","category-actualite","category-algerie"],"_links":{"self":[{"href":"https:\/\/linitiative.ca\/International\/wp-json\/wp\/v2\/posts\/26304","targetHints":{"allow":["GET"]}}],"collection":[{"href":"https:\/\/linitiative.ca\/International\/wp-json\/wp\/v2\/posts"}],"about":[{"href":"https:\/\/linitiative.ca\/International\/wp-json\/wp\/v2\/types\/post"}],"author":[{"embeddable":true,"href":"https:\/\/linitiative.ca\/International\/wp-json\/wp\/v2\/users\/1744"}],"replies":[{"embeddable":true,"href":"https:\/\/linitiative.ca\/International\/wp-json\/wp\/v2\/comments?post=26304"}],"version-history":[{"count":0,"href":"https:\/\/linitiative.ca\/International\/wp-json\/wp\/v2\/posts\/26304\/revisions"}],"wp:attachment":[{"href":"https:\/\/linitiative.ca\/International\/wp-json\/wp\/v2\/media?parent=26304"}],"wp:term":[{"taxonomy":"category","embeddable":true,"href":"https:\/\/linitiative.ca\/International\/wp-json\/wp\/v2\/categories?post=26304"},{"taxonomy":"post_tag","embeddable":true,"href":"https:\/\/linitiative.ca\/International\/wp-json\/wp\/v2\/tags?post=26304"}],"curies":[{"name":"wp","href":"https:\/\/api.w.org\/{rel}","templated":true}]}}