{"id":26305,"date":"2019-04-05T19:00:00","date_gmt":"2019-04-05T23:00:00","guid":{"rendered":"https:\/\/linitiative.ca\/International\/affaires-religieuses-m-belmehdi-affirme-sa-determination-a-reformer-le-secteur\/"},"modified":"2019-04-05T19:00:00","modified_gmt":"2019-04-05T23:00:00","slug":"affaires-religieuses-m-belmehdi-affirme-sa-determination-a-reformer-le-secteur","status":"publish","type":"post","link":"https:\/\/linitiative.ca\/International\/affaires-religieuses-m-belmehdi-affirme-sa-determination-a-reformer-le-secteur\/","title":{"rendered":"Affaires religieuses :  M. Belmehdi affirme sa d\u00e9termination  \u00e0 r\u00e9former le secteur"},"content":{"rendered":"<p>Le ministre des Affaires religieuses et des Wakfs, Youcef Belmehdi, a affirm\u00e9, jeudi \u00e0 Alger,\u00a0 sa d\u00e9termination \u00e0 r\u00e9former le secteur des Affaires religieuses, appelant \u00e0 faire pr\u00e9valoir les int\u00e9r\u00eats du pays aux int\u00e9r\u00eats personnels.\u00a0<\/p>\n<div readability=\"33.5\">\n<p>Lors d&rsquo;une rencontre \u00e0 Dar El-Imam, \u00e0 l&rsquo;occasion de la c\u00e9l\u00e9bration de la nuit d&rsquo;Al Isra oua Al Miiraj (voyage nocturne et ascension du Proph\u00e8te QSSSL), M. Belmehdi a fait part de sa d\u00e9termination \u00ab\u00e0 r\u00e9former le secteur des Affaires religieuses et \u00e0 prendre en charge les pr\u00e9occupations des imams\u00bb. S&rsquo;adressant aux imams qui ont soulev\u00e9 une s\u00e9rie de probl\u00e8mes auxquels ils sont confront\u00e9s et qui demeurent irr\u00e9solus \u00e0 ce jour, le ministre a indiqu\u00e9\u00a0 \u00a0qu\u2019\u00abil n&rsquo;avait aucune intention d&rsquo;imposer un quelconque discours aux imams\u00bb, r\u00e9it\u00e9rant sa d\u00e9termination \u00e0 \u0153uvrer \u00e0 solutionner les probl\u00e8mes et pr\u00e9occupations soulev\u00e9s par les Imams et employ\u00e9s du secteur. Mettant en avant, par ailleurs, le r\u00f4le du discours religieux dans la lutte contre la corruption et la r\u00e9forme de la soci\u00e9t\u00e9, le ministre a soulign\u00e9 que l&rsquo;imam \u00e9tait appel\u00e9 \u00ab\u00e0 relever tous ces d\u00e9fis au titre de la noble mission dont il est investi\u00bb.\u00a0 Pour sa part, le pr\u00e9sident du Conseil national autonome des imams, Djamel Ghoul, a rappel\u00e9 que \u00ables imams n&rsquo;ob\u00e9issent \u00e0 aucune autorit\u00e9, mais qu&rsquo;ils veillent, depuis l&rsquo;\u00e8re coloniale \u00e0 ce jour, \u00e0 accomplir leur mission loin\u00a0 \u00a0d&rsquo;une quelconque tutelle\u00bb.\u00a0<\/p>\n<div readability=\"26\">\n<p><strong>Protocole d\u2019accord entre la Mosqu\u00e9e de Paris et la Sorbonne pour la formation des imams\u00a0 \u00a0\u00a0<\/strong><\/p>\n<p>La Mosqu\u00e9e de Paris a sign\u00e9 un protocole d\u2019accord avec l\u2019universit\u00e9 Paris 1 Panth\u00e9on Sorbonne, pour la formation des\u00a0 \u00a0imam. Apr\u00e8s une premi\u00e8re exp\u00e9rience en 2017, pour des cours de fran\u00e7ais langue \u00e9trang\u00e8re (FLE), dispens\u00e9s aux imams, ce nouveau partenariat, qualifi\u00e9 de \u00abplus ambitieux\u00bb, devra en principe concerner jusqu\u2019\u00e0 120 imams dans toute la France.\u00a0 Cet accord, selon la m\u00eame source, a \u00e9t\u00e9 conclu entre les deux institutions, \u00aben vue de compl\u00e9ter la connaissance en langue fran\u00e7aise et une meilleure approche de la la\u00efcit\u00e9 pour les nouveaux imams\u00bb relevant de la Mosqu\u00e9e de Paris. Dans le cadre de ce partenariat, sign\u00e9 le 28 mars dernier, les imams suivront un programme \u00e9labor\u00e9 par les professeurs de l\u2019universit\u00e9 sur les th\u00e9matiques qui sont le FLE, la connaissance des religions, la la\u00efcit\u00e9, le droit et la religion.\u00a0\u00a0<\/p>\n<\/div>\n<\/div>\n<p>Auteur: elmoudjahid<br \/>\n<a href=\"http:\/\/www.elmoudjahid.com\/fr\/actualites\/135536\">Cliquez ici pour lire l&rsquo;article depuis sa source.<\/a><\/p>\n","protected":false},"excerpt":{"rendered":"<p>Le ministre des Affaires religieuses et des Wakfs, Youcef Belmehdi, a affirm\u00e9, jeudi \u00e0 Alger,\u00a0 sa d\u00e9termination \u00e0 r\u00e9former le secteur des Affaires religieuses, appelant \u00e0 faire pr\u00e9valoir les int\u00e9r\u00eats du pays aux int\u00e9r\u00eats personnels.\u00a0 Lors d&rsquo;une rencontre \u00e0 Dar El-Imam, \u00e0 l&rsquo;occasion de la c\u00e9l\u00e9bration de la nuit d&rsquo;Al Isra oua Al Miiraj (voyage [&hellip;]<\/p>\n","protected":false},"author":1744,"featured_media":0,"comment_status":"closed","ping_status":"closed","sticky":false,"template":"","format":"standard","meta":{"fifu_image_url":"","fifu_image_alt":"","footnotes":""},"categories":[73,53],"tags":[],"class_list":["post-26305","post","type-post","status-publish","format-standard","hentry","category-actualite","category-algerie"],"_links":{"self":[{"href":"https:\/\/linitiative.ca\/International\/wp-json\/wp\/v2\/posts\/26305","targetHints":{"allow":["GET"]}}],"collection":[{"href":"https:\/\/linitiative.ca\/International\/wp-json\/wp\/v2\/posts"}],"about":[{"href":"https:\/\/linitiative.ca\/International\/wp-json\/wp\/v2\/types\/post"}],"author":[{"embeddable":true,"href":"https:\/\/linitiative.ca\/International\/wp-json\/wp\/v2\/users\/1744"}],"replies":[{"embeddable":true,"href":"https:\/\/linitiative.ca\/International\/wp-json\/wp\/v2\/comments?post=26305"}],"version-history":[{"count":0,"href":"https:\/\/linitiative.ca\/International\/wp-json\/wp\/v2\/posts\/26305\/revisions"}],"wp:attachment":[{"href":"https:\/\/linitiative.ca\/International\/wp-json\/wp\/v2\/media?parent=26305"}],"wp:term":[{"taxonomy":"category","embeddable":true,"href":"https:\/\/linitiative.ca\/International\/wp-json\/wp\/v2\/categories?post=26305"},{"taxonomy":"post_tag","embeddable":true,"href":"https:\/\/linitiative.ca\/International\/wp-json\/wp\/v2\/tags?post=26305"}],"curies":[{"name":"wp","href":"https:\/\/api.w.org\/{rel}","templated":true}]}}