{"id":26306,"date":"2019-04-05T19:00:00","date_gmt":"2019-04-05T23:00:00","guid":{"rendered":"https:\/\/linitiative.ca\/International\/direction-generale-des-forets-valoriser-les-ressources\/"},"modified":"2019-04-05T19:00:00","modified_gmt":"2019-04-05T23:00:00","slug":"direction-generale-des-forets-valoriser-les-ressources","status":"publish","type":"post","link":"https:\/\/linitiative.ca\/International\/direction-generale-des-forets-valoriser-les-ressources\/","title":{"rendered":"Direction g\u00e9n\u00e9rale des for\u00eats :  Valoriser les ressources"},"content":{"rendered":"<p>Le ministre de l&rsquo;Agriculture, du D\u00e9veloppement rural et de la P\u00eache, Ch\u00e9rif Omari, a pr\u00e9sid\u00e9, jeudi \u00e0 Alger, une rencontre avec les cadres de la Direction g\u00e9n\u00e9rale des for\u00eats.\u00a0<\/p>\n<p>Au cours de cette rencontre, tenue au si\u00e8ge de la DGF, M. Omari a soulign\u00e9 l&rsquo;importance des for\u00eats dans le secteur agricole, en g\u00e9n\u00e9ral, et dans le d\u00e9veloppement rural en particulier.\u00a0<\/p>\n<p>\u00c0 cet effet, il a rappel\u00e9 \u00able r\u00f4le qu&rsquo;avaient jou\u00e9 les forestiers dans la pr\u00e9servation et la r\u00e9habilitation des espaces ruraux au prix de beaucoup de sacrifices\u00bb, a affirm\u00e9 la m\u00eame source. Par ailleurs, le ministre a jug\u00e9 n\u00e9cessaire de faire valoir l&rsquo;exp\u00e9rience acquise par le secteur des for\u00eats et \u00e0 exhorter ses cadres d&rsquo;ouvrir des portes aux jeunes, notamment les dipl\u00f4m\u00e9s en les associant \u00e0 toute action ou projet visant le d\u00e9veloppement des territoires et la pr\u00e9servation des ressources naturelles. Dans le cadre de la valorisation des produits forestiers et leur contribution dans l&rsquo;\u00e9conomie foresti\u00e8re, le ministre a insist\u00e9 sur \u00abl&rsquo;importance d&rsquo;exploiter le potentiel que rec\u00e8le le secteur des for\u00eats pour cr\u00e9er de la valeur ajout\u00e9e, notamment dans les sous-produits des for\u00eats\u00bb.\u00a0<\/p>\n<p>En mati\u00e8re de for\u00eats r\u00e9cr\u00e9atives, il a appel\u00e9 \u00e0 acc\u00e9l\u00e9rer la r\u00e9alisation de ces espaces vitaux pour les populations, comme il a exhort\u00e9 les cadres de la DGF \u00e0 accompagner les op\u00e9rateurs \u00e9conomiques pour valoriser les ressources foresti\u00e8res. La DGF a recens\u00e9 145 for\u00eats r\u00e9cr\u00e9atives dans 39 wilayas, dont 82 ont \u00e9t\u00e9 attribu\u00e9es \u00e0 des op\u00e9rateurs nationaux.\u00a0<\/p>\n<p>Auteur: elmoudjahid<br \/>\n<a href=\"http:\/\/www.elmoudjahid.com\/fr\/actualites\/135537\">Cliquez ici pour lire l&rsquo;article depuis sa source.<\/a><\/p>\n","protected":false},"excerpt":{"rendered":"<p>Le ministre de l&rsquo;Agriculture, du D\u00e9veloppement rural et de la P\u00eache, Ch\u00e9rif Omari, a pr\u00e9sid\u00e9, jeudi \u00e0 Alger, une rencontre avec les cadres de la Direction g\u00e9n\u00e9rale des for\u00eats.\u00a0 Au cours de cette rencontre, tenue au si\u00e8ge de la DGF, M. Omari a soulign\u00e9 l&rsquo;importance des for\u00eats dans le secteur agricole, en g\u00e9n\u00e9ral, et dans [&hellip;]<\/p>\n","protected":false},"author":1744,"featured_media":0,"comment_status":"closed","ping_status":"closed","sticky":false,"template":"","format":"standard","meta":{"fifu_image_url":"","fifu_image_alt":"","footnotes":""},"categories":[73,53],"tags":[],"class_list":["post-26306","post","type-post","status-publish","format-standard","hentry","category-actualite","category-algerie"],"_links":{"self":[{"href":"https:\/\/linitiative.ca\/International\/wp-json\/wp\/v2\/posts\/26306","targetHints":{"allow":["GET"]}}],"collection":[{"href":"https:\/\/linitiative.ca\/International\/wp-json\/wp\/v2\/posts"}],"about":[{"href":"https:\/\/linitiative.ca\/International\/wp-json\/wp\/v2\/types\/post"}],"author":[{"embeddable":true,"href":"https:\/\/linitiative.ca\/International\/wp-json\/wp\/v2\/users\/1744"}],"replies":[{"embeddable":true,"href":"https:\/\/linitiative.ca\/International\/wp-json\/wp\/v2\/comments?post=26306"}],"version-history":[{"count":0,"href":"https:\/\/linitiative.ca\/International\/wp-json\/wp\/v2\/posts\/26306\/revisions"}],"wp:attachment":[{"href":"https:\/\/linitiative.ca\/International\/wp-json\/wp\/v2\/media?parent=26306"}],"wp:term":[{"taxonomy":"category","embeddable":true,"href":"https:\/\/linitiative.ca\/International\/wp-json\/wp\/v2\/categories?post=26306"},{"taxonomy":"post_tag","embeddable":true,"href":"https:\/\/linitiative.ca\/International\/wp-json\/wp\/v2\/tags?post=26306"}],"curies":[{"name":"wp","href":"https:\/\/api.w.org\/{rel}","templated":true}]}}