{"id":26307,"date":"2019-04-05T19:00:00","date_gmt":"2019-04-05T23:00:00","guid":{"rendered":"https:\/\/linitiative.ca\/International\/constantine-mise-en-service-dun-laboratoire-mobile-de-police-scientifique\/"},"modified":"2019-04-05T19:00:00","modified_gmt":"2019-04-05T23:00:00","slug":"constantine-mise-en-service-dun-laboratoire-mobile-de-police-scientifique","status":"publish","type":"post","link":"https:\/\/linitiative.ca\/International\/constantine-mise-en-service-dun-laboratoire-mobile-de-police-scientifique\/","title":{"rendered":"Constantine : mise en service d\u2019un laboratoire mobile   de police scientifique"},"content":{"rendered":"<p>La police scientifique et technique de la s\u00fbret\u00e9 de wilaya de Constantine a b\u00e9n\u00e9fici\u00e9 r\u00e9cemment d\u2019un laboratoire mobile permettant l\u2019accomplissement \u00e0 temps et dans toutes les conditions les missions des agents de ce service, a-t-on indiqu\u00e9, jeudi,\u00a0 en marge d\u2019une manifestation \u00abPortes ouvertes\u00bb organis\u00e9e par ce corps de s\u00e9curit\u00e9.\u00a0<\/p>\n<p>\u00a0\u00abCe laboratoire mobile est \u00e9quip\u00e9 de tous les moyens modernes permettant d&rsquo;identifier les empreintes digitales et de pr\u00e9lever l&rsquo;ADN sur la sc\u00e8ne de\u00a0 \u00a0crime\u00bb, a pr\u00e9cis\u00e9 le lieutenant Bilal Benkhelifa, responsable de la cellule de l&rsquo;information et de la communication aupr\u00e8s de la s\u00fbret\u00e9 de wilaya. Cette nouvelle acquisition, qui vient renforcer les efforts, en cours, de\u00a0 \u00a0r\u00e9forme et de modernisation du secteur s\u00e9curitaire, devra permettre aux agents du service de la police scientifique et technique d\u2019accomplir leurs\u00a0 \u00a0missions d\u2019investigation \u00aben temps r\u00e9el, dans la nuit et pendant les intemp\u00e9ries\u00bb, a pr\u00e9cis\u00e9 le m\u00eame responsable, qui a mis l\u2019accent sur \u00abla rapidit\u00e9 et l\u2019efficacit\u00e9\u00bb de cet \u00e9quipement moderne dans le traitement de\u00a0 \u00a0la sc\u00e8ne de crime. Des sessions de formation au profit des agents de la police technique et\u00a0 \u00a0scientifique avaient \u00e9t\u00e9 organis\u00e9es pour permettre une meilleure utilisation de ce moyen moderne qui donne \u00abla possibilit\u00e9 aux sp\u00e9cialistes de s\u2019adapter \u00e0 toutes les sc\u00e8nes de crime n\u00e9cessitant l\u2019exploitation de tous les outils scientifiques depuis les empreintes digitales jusqu\u2019aux preuves num\u00e9riques en passant par l\u2019ADN\u00bb, a ajout\u00e9 le m\u00eame responsable. La manifestation \u00abPortes ouvertes\u00bb, organis\u00e9e par la s\u00fbret\u00e9 de wilaya de\u00a0 \u00a0Constantine \u00e0 la maison de la Culture Malek-Haddad, a \u00e9t\u00e9 d\u00e9di\u00e9e aux tous petits, \u00e0 l\u2019occasion des vacances scolaires, selon le responsable de la cellule de l\u2019information et de la communication.\u00a0\u00a0<\/p>\n<p>Auteur: elmoudjahid<br \/>\n<a href=\"http:\/\/www.elmoudjahid.com\/fr\/actualites\/135538\">Cliquez ici pour lire l&rsquo;article depuis sa source.<\/a><\/p>\n","protected":false},"excerpt":{"rendered":"<p>La police scientifique et technique de la s\u00fbret\u00e9 de wilaya de Constantine a b\u00e9n\u00e9fici\u00e9 r\u00e9cemment d\u2019un laboratoire mobile permettant l\u2019accomplissement \u00e0 temps et dans toutes les conditions les missions des agents de ce service, a-t-on indiqu\u00e9, jeudi,\u00a0 en marge d\u2019une manifestation \u00abPortes ouvertes\u00bb organis\u00e9e par ce corps de s\u00e9curit\u00e9.\u00a0 \u00a0\u00abCe laboratoire mobile est \u00e9quip\u00e9 de [&hellip;]<\/p>\n","protected":false},"author":1744,"featured_media":0,"comment_status":"closed","ping_status":"closed","sticky":false,"template":"","format":"standard","meta":{"fifu_image_url":"","fifu_image_alt":"","footnotes":""},"categories":[73,53],"tags":[],"class_list":["post-26307","post","type-post","status-publish","format-standard","hentry","category-actualite","category-algerie"],"_links":{"self":[{"href":"https:\/\/linitiative.ca\/International\/wp-json\/wp\/v2\/posts\/26307","targetHints":{"allow":["GET"]}}],"collection":[{"href":"https:\/\/linitiative.ca\/International\/wp-json\/wp\/v2\/posts"}],"about":[{"href":"https:\/\/linitiative.ca\/International\/wp-json\/wp\/v2\/types\/post"}],"author":[{"embeddable":true,"href":"https:\/\/linitiative.ca\/International\/wp-json\/wp\/v2\/users\/1744"}],"replies":[{"embeddable":true,"href":"https:\/\/linitiative.ca\/International\/wp-json\/wp\/v2\/comments?post=26307"}],"version-history":[{"count":0,"href":"https:\/\/linitiative.ca\/International\/wp-json\/wp\/v2\/posts\/26307\/revisions"}],"wp:attachment":[{"href":"https:\/\/linitiative.ca\/International\/wp-json\/wp\/v2\/media?parent=26307"}],"wp:term":[{"taxonomy":"category","embeddable":true,"href":"https:\/\/linitiative.ca\/International\/wp-json\/wp\/v2\/categories?post=26307"},{"taxonomy":"post_tag","embeddable":true,"href":"https:\/\/linitiative.ca\/International\/wp-json\/wp\/v2\/tags?post=26307"}],"curies":[{"name":"wp","href":"https:\/\/api.w.org\/{rel}","templated":true}]}}